{"id":20908,"date":"2015-12-08T10:58:09","date_gmt":"2015-12-08T09:58:09","guid":{"rendered":"http:\/\/www.hotellecorbusier.com\/?p=20908"},"modified":"2016-08-29T11:28:26","modified_gmt":"2016-08-29T09:28:26","slug":"presse-chef-du-restaurant-le-ventre-de-larchitecte","status":"publish","type":"post","link":"https:\/\/www.hotellecorbusier.com\/en\/presse-chef-du-restaurant-le-ventre-de-larchitecte\/","title":{"rendered":"A Marseille Le Restaurant \u00ab\u00a0Le Ventre de L&rsquo;Architecte\u00a0\u00bb par Pierre Psaltis"},"content":{"rendered":"<p>A <strong>Marseille<\/strong>, le <strong>restaurant le Ventre de l\u2019Architecte<\/strong>, sis au 3e \u00e9tage de la <strong>Cit\u00e9 Radieuse boulevard Michelet<\/strong>. Il y a l\u00e0-bas un jeune chef, bourr\u00e9 de talent, <strong>J\u00e9r\u00f4me Caprin<\/strong> est un gar\u00e7on tr\u00e8s attach\u00e9&#8230;.<\/p>\n<p><strong><span style=\"color: #ffff00;\"><a style=\"color: #ffff00;\" href=\"https:\/\/www.hotellecorbusier.com\/wp-content\/uploads\/2015\/12\/psaltis-blog_2015-12-03.pdf\">CLIQUEZ POUR LIRE LA SUITE DE L&rsquo;ARTICLE -&gt;<\/a><\/span><\/strong><\/p>","protected":false},"excerpt":{"rendered":"<p>A Marseille, le restaurant le Ventre de l\u2019Architecte, sis au 3e \u00e9tage de la Cit\u00e9 Radieuse boulevard Michelet. Il y a l\u00e0-bas un jeune chef, bourr\u00e9 de talent, J\u00e9r\u00f4me Caprin est un gar\u00e7on tr\u00e8s attach\u00e9&#8230;. CLIQUEZ POUR LIRE LA SUITE DE L&rsquo;ARTICLE -&gt;<\/p>","protected":false},"author":4,"featured_media":20909,"comment_status":"closed","ping_status":"closed","sticky":false,"template":"","format":"standard","meta":{"site-sidebar-layout":"default","site-content-layout":"","ast-site-content-layout":"default","site-content-style":"default","site-sidebar-style":"default","ast-global-header-display":"","ast-banner-title-visibility":"","ast-main-header-display":"","ast-hfb-above-header-display":"","ast-hfb-below-header-display":"","ast-hfb-mobile-header-display":"","site-post-title":"","ast-breadcrumbs-content":"","ast-featured-img":"","footer-sml-layout":"","ast-disable-related-posts":"","theme-transparent-header-meta":"","adv-header-id-meta":"","stick-header-meta":"","header-above-stick-meta":"","header-main-stick-meta":"","header-below-stick-meta":"","astra-migrate-meta-layouts":"default","ast-page-background-enabled":"default","ast-page-background-meta":{"desktop":{"background-color":"","background-image":"","background-repeat":"repeat","background-position":"center center","background-size":"auto","background-attachment":"scroll","background-type":"","background-media":"","overlay-type":"","overlay-color":"","overlay-opacity":"","overlay-gradient":""},"tablet":{"background-color":"","background-image":"","background-repeat":"repeat","background-position":"center center","background-size":"auto","background-attachment":"scroll","background-type":"","background-media":"","overlay-type":"","overlay-color":"","overlay-opacity":"","overlay-gradient":""},"mobile":{"background-color":"","background-image":"","background-repeat":"repeat","background-position":"center center","background-size":"auto","background-attachment":"scroll","background-type":"","background-media":"","overlay-type":"","overlay-color":"","overlay-opacity":"","overlay-gradient":""}},"ast-content-background-meta":{"desktop":{"background-color":"var(--ast-global-color-5)","background-image":"","background-repeat":"repeat","background-position":"center center","background-size":"auto","background-attachment":"scroll","background-type":"","background-media":"","overlay-type":"","overlay-color":"","overlay-opacity":"","overlay-gradient":""},"tablet":{"background-color":"var(--ast-global-color-5)","background-image":"","background-repeat":"repeat","background-position":"center center","background-size":"auto","background-attachment":"scroll","background-type":"","background-media":"","overlay-type":"","overlay-color":"","overlay-opacity":"","overlay-gradient":""},"mobile":{"background-color":"var(--ast-global-color-5)","background-image":"","background-repeat":"repeat","background-position":"center center","background-size":"auto","background-attachment":"scroll","background-type":"","background-media":"","overlay-type":"","overlay-color":"","overlay-opacity":"","overlay-gradient":""}},"footnotes":""},"categories":[156],"tags":[],"class_list":["post-20908","post","type-post","status-publish","format-standard","has-post-thumbnail","hentry","category-presse-2015"],"yoast_head":"<!-- This site is optimized with the Yoast SEO plugin v27.5 - https:\/\/yoast.com\/product\/yoast-seo-wordpress\/ -->\n<title>A Marseille Le Restaurant &quot;Le Ventre de L&#039;Architecte&quot; par Pierre Psaltis<\/title>\n<meta name=\"description\" content=\"D\u00e9couvrez notre restaurant Le Ventre de l&#039;Architecte Immeuble Le Corbusier Boulevard Michelet et son chef J\u00e9r\u00f4me Caprin\u00a0\" \/>\n<meta name=\"robots\" content=\"index, follow, max-snippet:-1, max-image-preview:large, max-video-preview:-1\" \/>\n<link rel=\"canonical\" href=\"https:\/\/www.hotellecorbusier.com\/en\/presse-chef-du-restaurant-le-ventre-de-larchitecte\/\" \/>\n<meta name=\"twitter:label1\" content=\"Written by\" \/>\n\t<meta name=\"twitter:data1\" content=\"LeCorbusier\" \/>\n<script type=\"application\/ld+json\" class=\"yoast-schema-graph\">{\"@context\":\"https:\\\/\\\/schema.org\",\"@graph\":[{\"@type\":\"Article\",\"@id\":\"https:\\\/\\\/www.hotellecorbusier.com\\\/presse-chef-du-restaurant-le-ventre-de-larchitecte\\\/#article\",\"isPartOf\":{\"@id\":\"https:\\\/\\\/www.hotellecorbusier.com\\\/presse-chef-du-restaurant-le-ventre-de-larchitecte\\\/\"},\"author\":{\"name\":\"LeCorbusier\",\"@id\":\"https:\\\/\\\/www.hotellecorbusier.com\\\/#\\\/schema\\\/person\\\/6c8da7219842529aaf40fa3888ccae59\"},\"headline\":\"A Marseille Le Restaurant \u00ab\u00a0Le Ventre de L&rsquo;Architecte\u00a0\u00bb par Pierre Psaltis\",\"datePublished\":\"2015-12-08T09:58:09+00:00\",\"dateModified\":\"2016-08-29T09:28:26+00:00\",\"mainEntityOfPage\":{\"@id\":\"https:\\\/\\\/www.hotellecorbusier.com\\\/presse-chef-du-restaurant-le-ventre-de-larchitecte\\\/\"},\"wordCount\":63,\"publisher\":{\"@id\":\"https:\\\/\\\/www.hotellecorbusier.com\\\/#organization\"},\"image\":{\"@id\":\"https:\\\/\\\/www.hotellecorbusier.com\\\/presse-chef-du-restaurant-le-ventre-de-larchitecte\\\/#primaryimage\"},\"thumbnailUrl\":\"https:\\\/\\\/www.hotellecorbusier.com\\\/wp-content\\\/uploads\\\/2015\\\/12\\\/le-ventre-de....jpg\",\"articleSection\":[\"PRESSE 2015\"],\"inLanguage\":\"en-US\"},{\"@type\":\"WebPage\",\"@id\":\"https:\\\/\\\/www.hotellecorbusier.com\\\/presse-chef-du-restaurant-le-ventre-de-larchitecte\\\/\",\"url\":\"https:\\\/\\\/www.hotellecorbusier.com\\\/presse-chef-du-restaurant-le-ventre-de-larchitecte\\\/\",\"name\":\"A Marseille Le Restaurant \\\"Le Ventre de L'Architecte\\\" par Pierre Psaltis\",\"isPartOf\":{\"@id\":\"https:\\\/\\\/www.hotellecorbusier.com\\\/#website\"},\"primaryImageOfPage\":{\"@id\":\"https:\\\/\\\/www.hotellecorbusier.com\\\/presse-chef-du-restaurant-le-ventre-de-larchitecte\\\/#primaryimage\"},\"image\":{\"@id\":\"https:\\\/\\\/www.hotellecorbusier.com\\\/presse-chef-du-restaurant-le-ventre-de-larchitecte\\\/#primaryimage\"},\"thumbnailUrl\":\"https:\\\/\\\/www.hotellecorbusier.com\\\/wp-content\\\/uploads\\\/2015\\\/12\\\/le-ventre-de....jpg\",\"datePublished\":\"2015-12-08T09:58:09+00:00\",\"dateModified\":\"2016-08-29T09:28:26+00:00\",\"description\":\"D\u00e9couvrez notre restaurant Le Ventre de l'Architecte Immeuble Le Corbusier Boulevard Michelet et son chef J\u00e9r\u00f4me Caprin\u00a0\",\"breadcrumb\":{\"@id\":\"https:\\\/\\\/www.hotellecorbusier.com\\\/presse-chef-du-restaurant-le-ventre-de-larchitecte\\\/#breadcrumb\"},\"inLanguage\":\"en-US\",\"potentialAction\":[{\"@type\":\"ReadAction\",\"target\":[\"https:\\\/\\\/www.hotellecorbusier.com\\\/presse-chef-du-restaurant-le-ventre-de-larchitecte\\\/\"]}]},{\"@type\":\"ImageObject\",\"inLanguage\":\"en-US\",\"@id\":\"https:\\\/\\\/www.hotellecorbusier.com\\\/presse-chef-du-restaurant-le-ventre-de-larchitecte\\\/#primaryimage\",\"url\":\"https:\\\/\\\/www.hotellecorbusier.com\\\/wp-content\\\/uploads\\\/2015\\\/12\\\/le-ventre-de....jpg\",\"contentUrl\":\"https:\\\/\\\/www.hotellecorbusier.com\\\/wp-content\\\/uploads\\\/2015\\\/12\\\/le-ventre-de....jpg\",\"width\":1195,\"height\":771},{\"@type\":\"BreadcrumbList\",\"@id\":\"https:\\\/\\\/www.hotellecorbusier.com\\\/presse-chef-du-restaurant-le-ventre-de-larchitecte\\\/#breadcrumb\",\"itemListElement\":[{\"@type\":\"ListItem\",\"position\":1,\"name\":\"Accueil\",\"item\":\"https:\\\/\\\/www.hotellecorbusier.com\\\/\"},{\"@type\":\"ListItem\",\"position\":2,\"name\":\"A Marseille Le Restaurant \u00ab\u00a0Le Ventre de L&rsquo;Architecte\u00a0\u00bb par Pierre Psaltis\"}]},{\"@type\":\"WebSite\",\"@id\":\"https:\\\/\\\/www.hotellecorbusier.com\\\/#website\",\"url\":\"https:\\\/\\\/www.hotellecorbusier.com\\\/\",\"name\":\"H\u00f4tel LE CORBUSIER\",\"description\":\"Meilleur prix sur internet garanti TOUJOURS MOINS CHER QUE BOOKING! R\u00e9servez en ligne maintenant sur le SITE OFFICIEL BOOK NOW, ALWAYS CHEAPER THAN BOOKING\",\"publisher\":{\"@id\":\"https:\\\/\\\/www.hotellecorbusier.com\\\/#organization\"},\"potentialAction\":[{\"@type\":\"SearchAction\",\"target\":{\"@type\":\"EntryPoint\",\"urlTemplate\":\"https:\\\/\\\/www.hotellecorbusier.com\\\/?s={search_term_string}\"},\"query-input\":{\"@type\":\"PropertyValueSpecification\",\"valueRequired\":true,\"valueName\":\"search_term_string\"}}],\"inLanguage\":\"en-US\"},{\"@type\":\"Organization\",\"@id\":\"https:\\\/\\\/www.hotellecorbusier.com\\\/#organization\",\"name\":\"H\u00f4tel LE CORBUSIER\",\"url\":\"https:\\\/\\\/www.hotellecorbusier.com\\\/\",\"logo\":{\"@type\":\"ImageObject\",\"inLanguage\":\"en-US\",\"@id\":\"https:\\\/\\\/www.hotellecorbusier.com\\\/#\\\/schema\\\/logo\\\/image\\\/\",\"url\":\"https:\\\/\\\/www.hotellecorbusier.com\\\/wp-content\\\/uploads\\\/2016\\\/08\\\/logo-corbusier_02.png\",\"contentUrl\":\"https:\\\/\\\/www.hotellecorbusier.com\\\/wp-content\\\/uploads\\\/2016\\\/08\\\/logo-corbusier_02.png\",\"width\":396,\"height\":190,\"caption\":\"H\u00f4tel LE CORBUSIER\"},\"image\":{\"@id\":\"https:\\\/\\\/www.hotellecorbusier.com\\\/#\\\/schema\\\/logo\\\/image\\\/\"}},{\"@type\":\"Person\",\"@id\":\"https:\\\/\\\/www.hotellecorbusier.com\\\/#\\\/schema\\\/person\\\/6c8da7219842529aaf40fa3888ccae59\",\"name\":\"LeCorbusier\",\"image\":{\"@type\":\"ImageObject\",\"inLanguage\":\"en-US\",\"@id\":\"https:\\\/\\\/secure.gravatar.com\\\/avatar\\\/fbe3661a1c1fa9499a307608b98fe661c590a4ce60bc35ee067141badadfc86e?s=96&d=mm&r=g\",\"url\":\"https:\\\/\\\/secure.gravatar.com\\\/avatar\\\/fbe3661a1c1fa9499a307608b98fe661c590a4ce60bc35ee067141badadfc86e?s=96&d=mm&r=g\",\"contentUrl\":\"https:\\\/\\\/secure.gravatar.com\\\/avatar\\\/fbe3661a1c1fa9499a307608b98fe661c590a4ce60bc35ee067141badadfc86e?s=96&d=mm&r=g\",\"caption\":\"LeCorbusier\"},\"url\":\"https:\\\/\\\/www.hotellecorbusier.com\\\/en\\\/author\\\/lecorbusier\\\/\"}]}<\/script>\n<!-- \/ Yoast SEO plugin. -->","yoast_head_json":{"title":"A Marseille Le Restaurant \"Le Ventre de L'Architecte\" par Pierre Psaltis","description":"D\u00e9couvrez notre restaurant Le Ventre de l'Architecte Immeuble Le Corbusier Boulevard Michelet et son chef J\u00e9r\u00f4me Caprin\u00a0","robots":{"index":"index","follow":"follow","max-snippet":"max-snippet:-1","max-image-preview":"max-image-preview:large","max-video-preview":"max-video-preview:-1"},"canonical":"https:\/\/www.hotellecorbusier.com\/en\/presse-chef-du-restaurant-le-ventre-de-larchitecte\/","twitter_misc":{"Written by":"LeCorbusier"},"schema":{"@context":"https:\/\/schema.org","@graph":[{"@type":"Article","@id":"https:\/\/www.hotellecorbusier.com\/presse-chef-du-restaurant-le-ventre-de-larchitecte\/#article","isPartOf":{"@id":"https:\/\/www.hotellecorbusier.com\/presse-chef-du-restaurant-le-ventre-de-larchitecte\/"},"author":{"name":"LeCorbusier","@id":"https:\/\/www.hotellecorbusier.com\/#\/schema\/person\/6c8da7219842529aaf40fa3888ccae59"},"headline":"A Marseille Le Restaurant \u00ab\u00a0Le Ventre de L&rsquo;Architecte\u00a0\u00bb par Pierre Psaltis","datePublished":"2015-12-08T09:58:09+00:00","dateModified":"2016-08-29T09:28:26+00:00","mainEntityOfPage":{"@id":"https:\/\/www.hotellecorbusier.com\/presse-chef-du-restaurant-le-ventre-de-larchitecte\/"},"wordCount":63,"publisher":{"@id":"https:\/\/www.hotellecorbusier.com\/#organization"},"image":{"@id":"https:\/\/www.hotellecorbusier.com\/presse-chef-du-restaurant-le-ventre-de-larchitecte\/#primaryimage"},"thumbnailUrl":"https:\/\/www.hotellecorbusier.com\/wp-content\/uploads\/2015\/12\/le-ventre-de....jpg","articleSection":["PRESSE 2015"],"inLanguage":"en-US"},{"@type":"WebPage","@id":"https:\/\/www.hotellecorbusier.com\/presse-chef-du-restaurant-le-ventre-de-larchitecte\/","url":"https:\/\/www.hotellecorbusier.com\/presse-chef-du-restaurant-le-ventre-de-larchitecte\/","name":"A Marseille Le Restaurant \"Le Ventre de L'Architecte\" par Pierre Psaltis","isPartOf":{"@id":"https:\/\/www.hotellecorbusier.com\/#website"},"primaryImageOfPage":{"@id":"https:\/\/www.hotellecorbusier.com\/presse-chef-du-restaurant-le-ventre-de-larchitecte\/#primaryimage"},"image":{"@id":"https:\/\/www.hotellecorbusier.com\/presse-chef-du-restaurant-le-ventre-de-larchitecte\/#primaryimage"},"thumbnailUrl":"https:\/\/www.hotellecorbusier.com\/wp-content\/uploads\/2015\/12\/le-ventre-de....jpg","datePublished":"2015-12-08T09:58:09+00:00","dateModified":"2016-08-29T09:28:26+00:00","description":"D\u00e9couvrez notre restaurant Le Ventre de l'Architecte Immeuble Le Corbusier Boulevard Michelet et son chef J\u00e9r\u00f4me Caprin\u00a0","breadcrumb":{"@id":"https:\/\/www.hotellecorbusier.com\/presse-chef-du-restaurant-le-ventre-de-larchitecte\/#breadcrumb"},"inLanguage":"en-US","potentialAction":[{"@type":"ReadAction","target":["https:\/\/www.hotellecorbusier.com\/presse-chef-du-restaurant-le-ventre-de-larchitecte\/"]}]},{"@type":"ImageObject","inLanguage":"en-US","@id":"https:\/\/www.hotellecorbusier.com\/presse-chef-du-restaurant-le-ventre-de-larchitecte\/#primaryimage","url":"https:\/\/www.hotellecorbusier.com\/wp-content\/uploads\/2015\/12\/le-ventre-de....jpg","contentUrl":"https:\/\/www.hotellecorbusier.com\/wp-content\/uploads\/2015\/12\/le-ventre-de....jpg","width":1195,"height":771},{"@type":"BreadcrumbList","@id":"https:\/\/www.hotellecorbusier.com\/presse-chef-du-restaurant-le-ventre-de-larchitecte\/#breadcrumb","itemListElement":[{"@type":"ListItem","position":1,"name":"Accueil","item":"https:\/\/www.hotellecorbusier.com\/"},{"@type":"ListItem","position":2,"name":"A Marseille Le Restaurant \u00ab\u00a0Le Ventre de L&rsquo;Architecte\u00a0\u00bb par Pierre Psaltis"}]},{"@type":"WebSite","@id":"https:\/\/www.hotellecorbusier.com\/#website","url":"https:\/\/www.hotellecorbusier.com\/","name":"Le Corbusier Hotel","description":"Meilleur prix sur internet garanti TOUJOURS MOINS CHER QUE BOOKING! R\u00e9servez en ligne maintenant sur le SITE OFFICIEL BOOK NOW, ALWAYS CHEAPER THAN BOOKING","publisher":{"@id":"https:\/\/www.hotellecorbusier.com\/#organization"},"potentialAction":[{"@type":"SearchAction","target":{"@type":"EntryPoint","urlTemplate":"https:\/\/www.hotellecorbusier.com\/?s={search_term_string}"},"query-input":{"@type":"PropertyValueSpecification","valueRequired":true,"valueName":"search_term_string"}}],"inLanguage":"en-US"},{"@type":"Organization","@id":"https:\/\/www.hotellecorbusier.com\/#organization","name":"Le Corbusier Hotel","url":"https:\/\/www.hotellecorbusier.com\/","logo":{"@type":"ImageObject","inLanguage":"en-US","@id":"https:\/\/www.hotellecorbusier.com\/#\/schema\/logo\/image\/","url":"https:\/\/www.hotellecorbusier.com\/wp-content\/uploads\/2016\/08\/logo-corbusier_02.png","contentUrl":"https:\/\/www.hotellecorbusier.com\/wp-content\/uploads\/2016\/08\/logo-corbusier_02.png","width":396,"height":190,"caption":"H\u00f4tel LE CORBUSIER"},"image":{"@id":"https:\/\/www.hotellecorbusier.com\/#\/schema\/logo\/image\/"}},{"@type":"Person","@id":"https:\/\/www.hotellecorbusier.com\/#\/schema\/person\/6c8da7219842529aaf40fa3888ccae59","name":"LeCorbusier","image":{"@type":"ImageObject","inLanguage":"en-US","@id":"https:\/\/secure.gravatar.com\/avatar\/fbe3661a1c1fa9499a307608b98fe661c590a4ce60bc35ee067141badadfc86e?s=96&d=mm&r=g","url":"https:\/\/secure.gravatar.com\/avatar\/fbe3661a1c1fa9499a307608b98fe661c590a4ce60bc35ee067141badadfc86e?s=96&d=mm&r=g","contentUrl":"https:\/\/secure.gravatar.com\/avatar\/fbe3661a1c1fa9499a307608b98fe661c590a4ce60bc35ee067141badadfc86e?s=96&d=mm&r=g","caption":"LeCorbusier"},"url":"https:\/\/www.hotellecorbusier.com\/en\/author\/lecorbusier\/"}]}},"_links":{"self":[{"href":"https:\/\/www.hotellecorbusier.com\/en\/wp-json\/wp\/v2\/posts\/20908","targetHints":{"allow":["GET"]}}],"collection":[{"href":"https:\/\/www.hotellecorbusier.com\/en\/wp-json\/wp\/v2\/posts"}],"about":[{"href":"https:\/\/www.hotellecorbusier.com\/en\/wp-json\/wp\/v2\/types\/post"}],"author":[{"embeddable":true,"href":"https:\/\/www.hotellecorbusier.com\/en\/wp-json\/wp\/v2\/users\/4"}],"replies":[{"embeddable":true,"href":"https:\/\/www.hotellecorbusier.com\/en\/wp-json\/wp\/v2\/comments?post=20908"}],"version-history":[{"count":7,"href":"https:\/\/www.hotellecorbusier.com\/en\/wp-json\/wp\/v2\/posts\/20908\/revisions"}],"predecessor-version":[{"id":20918,"href":"https:\/\/www.hotellecorbusier.com\/en\/wp-json\/wp\/v2\/posts\/20908\/revisions\/20918"}],"wp:featuredmedia":[{"embeddable":true,"href":"https:\/\/www.hotellecorbusier.com\/en\/wp-json\/wp\/v2\/media\/20909"}],"wp:attachment":[{"href":"https:\/\/www.hotellecorbusier.com\/en\/wp-json\/wp\/v2\/media?parent=20908"}],"wp:term":[{"taxonomy":"category","embeddable":true,"href":"https:\/\/www.hotellecorbusier.com\/en\/wp-json\/wp\/v2\/categories?post=20908"},{"taxonomy":"post_tag","embeddable":true,"href":"https:\/\/www.hotellecorbusier.com\/en\/wp-json\/wp\/v2\/tags?post=20908"}],"curies":[{"name":"wp","href":"https:\/\/api.w.org\/{rel}","templated":true}]}}