{"id":21156,"date":"2016-08-29T11:53:45","date_gmt":"2016-08-29T09:53:45","guid":{"rendered":"http:\/\/www.hotellecorbusier.com\/?p=21156"},"modified":"2016-11-21T16:25:58","modified_gmt":"2016-11-21T15:25:58","slug":"lhotel-le-corbusier-dans-la-chronique-voyage-del-pais-du-25-aout-2016","status":"publish","type":"post","link":"https:\/\/www.hotellecorbusier.com\/en\/lhotel-le-corbusier-dans-la-chronique-voyage-del-pais-du-25-aout-2016\/","title":{"rendered":"L&rsquo;H\u00f4tel Le Corbusier \u00e0 Marseille, dans la chronique voyage d&rsquo;EL PAIS du 25 ao\u00fbt 2016"},"content":{"rendered":"<p>Dormir dans une des chambres de l&rsquo;H\u00f4tel Le Corbusier, \u00e0 Marseille, une\u00a0chronique voyage d&rsquo;EL PAIS du 25 ao\u00fbt 2016:<\/p>\n<p><em>\u00ab\u00a0Monter par\u00a0l&rsquo;un des ascenseurs au\u00a0troisi\u00e8me \u00e9tage de la\u00a0\u00a0l\u00e9gendaire Unit\u00e9 d&rsquo;Habitation con\u00e7ue par Le Corbusier, ici\u00a0se trouve l&rsquo;h\u00f4tel\u00a0&#8230;.\u00a0\u00bb<\/em><\/p>\n<p><a href=\"https:\/\/www.hotellecorbusier.com\/wp-content\/uploads\/2016\/08\/Durmiendo-en-el-hotel-Le-Corbusier-_-El-Viajero-_-EL-PAIS.pdf\" target=\"_blank\">Lire la suite<\/a><\/p>\n<p>&nbsp;<\/p>\n<p>&nbsp;<\/p>","protected":false},"excerpt":{"rendered":"<p>Dormir dans une des chambres de l&rsquo;H\u00f4tel Le Corbusier, \u00e0 Marseille, une\u00a0chronique voyage d&rsquo;EL PAIS du 25 ao\u00fbt 2016: \u00ab\u00a0Monter par\u00a0l&rsquo;un des ascenseurs au\u00a0troisi\u00e8me \u00e9tage de la\u00a0\u00a0l\u00e9gendaire Unit\u00e9 d&rsquo;Habitation con\u00e7ue par Le Corbusier, ici\u00a0se trouve l&rsquo;h\u00f4tel\u00a0&#8230;.\u00a0\u00bb Lire la suite &nbsp; &nbsp;<\/p>","protected":false},"author":4,"featured_media":21160,"comment_status":"closed","ping_status":"closed","sticky":false,"template":"","format":"standard","meta":{"site-sidebar-layout":"default","site-content-layout":"","ast-site-content-layout":"default","site-content-style":"default","site-sidebar-style":"default","ast-global-header-display":"","ast-banner-title-visibility":"","ast-main-header-display":"","ast-hfb-above-header-display":"","ast-hfb-below-header-display":"","ast-hfb-mobile-header-display":"","site-post-title":"","ast-breadcrumbs-content":"","ast-featured-img":"","footer-sml-layout":"","ast-disable-related-posts":"","theme-transparent-header-meta":"","adv-header-id-meta":"","stick-header-meta":"","header-above-stick-meta":"","header-main-stick-meta":"","header-below-stick-meta":"","astra-migrate-meta-layouts":"default","ast-page-background-enabled":"default","ast-page-background-meta":{"desktop":{"background-color":"","background-image":"","background-repeat":"repeat","background-position":"center center","background-size":"auto","background-attachment":"scroll","background-type":"","background-media":"","overlay-type":"","overlay-color":"","overlay-opacity":"","overlay-gradient":""},"tablet":{"background-color":"","background-image":"","background-repeat":"repeat","background-position":"center center","background-size":"auto","background-attachment":"scroll","background-type":"","background-media":"","overlay-type":"","overlay-color":"","overlay-opacity":"","overlay-gradient":""},"mobile":{"background-color":"","background-image":"","background-repeat":"repeat","background-position":"center center","background-size":"auto","background-attachment":"scroll","background-type":"","background-media":"","overlay-type":"","overlay-color":"","overlay-opacity":"","overlay-gradient":""}},"ast-content-background-meta":{"desktop":{"background-color":"var(--ast-global-color-5)","background-image":"","background-repeat":"repeat","background-position":"center center","background-size":"auto","background-attachment":"scroll","background-type":"","background-media":"","overlay-type":"","overlay-color":"","overlay-opacity":"","overlay-gradient":""},"tablet":{"background-color":"var(--ast-global-color-5)","background-image":"","background-repeat":"repeat","background-position":"center center","background-size":"auto","background-attachment":"scroll","background-type":"","background-media":"","overlay-type":"","overlay-color":"","overlay-opacity":"","overlay-gradient":""},"mobile":{"background-color":"var(--ast-global-color-5)","background-image":"","background-repeat":"repeat","background-position":"center center","background-size":"auto","background-attachment":"scroll","background-type":"","background-media":"","overlay-type":"","overlay-color":"","overlay-opacity":"","overlay-gradient":""}},"footnotes":""},"categories":[156],"tags":[],"class_list":["post-21156","post","type-post","status-publish","format-standard","has-post-thumbnail","hentry","category-presse-2015"],"yoast_head":"<!-- This site is optimized with the Yoast SEO plugin v27.5 - https:\/\/yoast.com\/product\/yoast-seo-wordpress\/ -->\n<title>L&#039;H\u00f4tel Le Corbusier \u00e0 Marseille, dans la chronique voyage d&#039;EL PAIS du 25 ao\u00fbt 2016<\/title>\n<meta name=\"robots\" content=\"index, follow, max-snippet:-1, max-image-preview:large, max-video-preview:-1\" \/>\n<link rel=\"canonical\" href=\"https:\/\/www.hotellecorbusier.com\/en\/lhotel-le-corbusier-dans-la-chronique-voyage-del-pais-du-25-aout-2016\/\" \/>\n<meta name=\"twitter:label1\" content=\"Written by\" \/>\n\t<meta name=\"twitter:data1\" content=\"LeCorbusier\" \/>\n<script type=\"application\/ld+json\" class=\"yoast-schema-graph\">{\"@context\":\"https:\\\/\\\/schema.org\",\"@graph\":[{\"@type\":\"Article\",\"@id\":\"https:\\\/\\\/www.hotellecorbusier.com\\\/lhotel-le-corbusier-dans-la-chronique-voyage-del-pais-du-25-aout-2016\\\/#article\",\"isPartOf\":{\"@id\":\"https:\\\/\\\/www.hotellecorbusier.com\\\/lhotel-le-corbusier-dans-la-chronique-voyage-del-pais-du-25-aout-2016\\\/\"},\"author\":{\"name\":\"LeCorbusier\",\"@id\":\"https:\\\/\\\/www.hotellecorbusier.com\\\/#\\\/schema\\\/person\\\/6c8da7219842529aaf40fa3888ccae59\"},\"headline\":\"L&rsquo;H\u00f4tel Le Corbusier \u00e0 Marseille, dans la chronique voyage d&rsquo;EL PAIS du 25 ao\u00fbt 2016\",\"datePublished\":\"2016-08-29T09:53:45+00:00\",\"dateModified\":\"2016-11-21T15:25:58+00:00\",\"mainEntityOfPage\":{\"@id\":\"https:\\\/\\\/www.hotellecorbusier.com\\\/lhotel-le-corbusier-dans-la-chronique-voyage-del-pais-du-25-aout-2016\\\/\"},\"wordCount\":70,\"publisher\":{\"@id\":\"https:\\\/\\\/www.hotellecorbusier.com\\\/#organization\"},\"image\":{\"@id\":\"https:\\\/\\\/www.hotellecorbusier.com\\\/lhotel-le-corbusier-dans-la-chronique-voyage-del-pais-du-25-aout-2016\\\/#primaryimage\"},\"thumbnailUrl\":\"https:\\\/\\\/www.hotellecorbusier.com\\\/wp-content\\\/uploads\\\/2016\\\/08\\\/Pasillo-de-la-Unidad-Habitacional-de-Marsella-de-Le-Corbusier-SAMUEL-SANCHEZ.jpg\",\"articleSection\":[\"PRESSE 2015\"],\"inLanguage\":\"en-US\"},{\"@type\":\"WebPage\",\"@id\":\"https:\\\/\\\/www.hotellecorbusier.com\\\/lhotel-le-corbusier-dans-la-chronique-voyage-del-pais-du-25-aout-2016\\\/\",\"url\":\"https:\\\/\\\/www.hotellecorbusier.com\\\/lhotel-le-corbusier-dans-la-chronique-voyage-del-pais-du-25-aout-2016\\\/\",\"name\":\"L'H\u00f4tel Le Corbusier \u00e0 Marseille, dans la chronique voyage d'EL PAIS du 25 ao\u00fbt 2016\",\"isPartOf\":{\"@id\":\"https:\\\/\\\/www.hotellecorbusier.com\\\/#website\"},\"primaryImageOfPage\":{\"@id\":\"https:\\\/\\\/www.hotellecorbusier.com\\\/lhotel-le-corbusier-dans-la-chronique-voyage-del-pais-du-25-aout-2016\\\/#primaryimage\"},\"image\":{\"@id\":\"https:\\\/\\\/www.hotellecorbusier.com\\\/lhotel-le-corbusier-dans-la-chronique-voyage-del-pais-du-25-aout-2016\\\/#primaryimage\"},\"thumbnailUrl\":\"https:\\\/\\\/www.hotellecorbusier.com\\\/wp-content\\\/uploads\\\/2016\\\/08\\\/Pasillo-de-la-Unidad-Habitacional-de-Marsella-de-Le-Corbusier-SAMUEL-SANCHEZ.jpg\",\"datePublished\":\"2016-08-29T09:53:45+00:00\",\"dateModified\":\"2016-11-21T15:25:58+00:00\",\"breadcrumb\":{\"@id\":\"https:\\\/\\\/www.hotellecorbusier.com\\\/lhotel-le-corbusier-dans-la-chronique-voyage-del-pais-du-25-aout-2016\\\/#breadcrumb\"},\"inLanguage\":\"en-US\",\"potentialAction\":[{\"@type\":\"ReadAction\",\"target\":[\"https:\\\/\\\/www.hotellecorbusier.com\\\/lhotel-le-corbusier-dans-la-chronique-voyage-del-pais-du-25-aout-2016\\\/\"]}]},{\"@type\":\"ImageObject\",\"inLanguage\":\"en-US\",\"@id\":\"https:\\\/\\\/www.hotellecorbusier.com\\\/lhotel-le-corbusier-dans-la-chronique-voyage-del-pais-du-25-aout-2016\\\/#primaryimage\",\"url\":\"https:\\\/\\\/www.hotellecorbusier.com\\\/wp-content\\\/uploads\\\/2016\\\/08\\\/Pasillo-de-la-Unidad-Habitacional-de-Marsella-de-Le-Corbusier-SAMUEL-SANCHEZ.jpg\",\"contentUrl\":\"https:\\\/\\\/www.hotellecorbusier.com\\\/wp-content\\\/uploads\\\/2016\\\/08\\\/Pasillo-de-la-Unidad-Habitacional-de-Marsella-de-Le-Corbusier-SAMUEL-SANCHEZ.jpg\",\"width\":980,\"height\":785,\"caption\":\"cr\u00e9dit: SAMUEL SANCHEZ\"},{\"@type\":\"BreadcrumbList\",\"@id\":\"https:\\\/\\\/www.hotellecorbusier.com\\\/lhotel-le-corbusier-dans-la-chronique-voyage-del-pais-du-25-aout-2016\\\/#breadcrumb\",\"itemListElement\":[{\"@type\":\"ListItem\",\"position\":1,\"name\":\"Accueil\",\"item\":\"https:\\\/\\\/www.hotellecorbusier.com\\\/\"},{\"@type\":\"ListItem\",\"position\":2,\"name\":\"L&rsquo;H\u00f4tel Le Corbusier \u00e0 Marseille, dans la chronique voyage d&rsquo;EL PAIS du 25 ao\u00fbt 2016\"}]},{\"@type\":\"WebSite\",\"@id\":\"https:\\\/\\\/www.hotellecorbusier.com\\\/#website\",\"url\":\"https:\\\/\\\/www.hotellecorbusier.com\\\/\",\"name\":\"H\u00f4tel LE CORBUSIER\",\"description\":\"Meilleur prix sur internet garanti TOUJOURS MOINS CHER QUE BOOKING! R\u00e9servez en ligne maintenant sur le SITE OFFICIEL BOOK NOW, ALWAYS CHEAPER THAN BOOKING\",\"publisher\":{\"@id\":\"https:\\\/\\\/www.hotellecorbusier.com\\\/#organization\"},\"potentialAction\":[{\"@type\":\"SearchAction\",\"target\":{\"@type\":\"EntryPoint\",\"urlTemplate\":\"https:\\\/\\\/www.hotellecorbusier.com\\\/?s={search_term_string}\"},\"query-input\":{\"@type\":\"PropertyValueSpecification\",\"valueRequired\":true,\"valueName\":\"search_term_string\"}}],\"inLanguage\":\"en-US\"},{\"@type\":\"Organization\",\"@id\":\"https:\\\/\\\/www.hotellecorbusier.com\\\/#organization\",\"name\":\"H\u00f4tel LE CORBUSIER\",\"url\":\"https:\\\/\\\/www.hotellecorbusier.com\\\/\",\"logo\":{\"@type\":\"ImageObject\",\"inLanguage\":\"en-US\",\"@id\":\"https:\\\/\\\/www.hotellecorbusier.com\\\/#\\\/schema\\\/logo\\\/image\\\/\",\"url\":\"https:\\\/\\\/www.hotellecorbusier.com\\\/wp-content\\\/uploads\\\/2016\\\/08\\\/logo-corbusier_02.png\",\"contentUrl\":\"https:\\\/\\\/www.hotellecorbusier.com\\\/wp-content\\\/uploads\\\/2016\\\/08\\\/logo-corbusier_02.png\",\"width\":396,\"height\":190,\"caption\":\"H\u00f4tel LE CORBUSIER\"},\"image\":{\"@id\":\"https:\\\/\\\/www.hotellecorbusier.com\\\/#\\\/schema\\\/logo\\\/image\\\/\"}},{\"@type\":\"Person\",\"@id\":\"https:\\\/\\\/www.hotellecorbusier.com\\\/#\\\/schema\\\/person\\\/6c8da7219842529aaf40fa3888ccae59\",\"name\":\"LeCorbusier\",\"image\":{\"@type\":\"ImageObject\",\"inLanguage\":\"en-US\",\"@id\":\"https:\\\/\\\/secure.gravatar.com\\\/avatar\\\/fbe3661a1c1fa9499a307608b98fe661c590a4ce60bc35ee067141badadfc86e?s=96&d=mm&r=g\",\"url\":\"https:\\\/\\\/secure.gravatar.com\\\/avatar\\\/fbe3661a1c1fa9499a307608b98fe661c590a4ce60bc35ee067141badadfc86e?s=96&d=mm&r=g\",\"contentUrl\":\"https:\\\/\\\/secure.gravatar.com\\\/avatar\\\/fbe3661a1c1fa9499a307608b98fe661c590a4ce60bc35ee067141badadfc86e?s=96&d=mm&r=g\",\"caption\":\"LeCorbusier\"},\"url\":\"https:\\\/\\\/www.hotellecorbusier.com\\\/en\\\/author\\\/lecorbusier\\\/\"}]}<\/script>\n<!-- \/ Yoast SEO plugin. -->","yoast_head_json":{"title":"L'H\u00f4tel Le Corbusier \u00e0 Marseille, dans la chronique voyage d'EL PAIS du 25 ao\u00fbt 2016","robots":{"index":"index","follow":"follow","max-snippet":"max-snippet:-1","max-image-preview":"max-image-preview:large","max-video-preview":"max-video-preview:-1"},"canonical":"https:\/\/www.hotellecorbusier.com\/en\/lhotel-le-corbusier-dans-la-chronique-voyage-del-pais-du-25-aout-2016\/","twitter_misc":{"Written by":"LeCorbusier"},"schema":{"@context":"https:\/\/schema.org","@graph":[{"@type":"Article","@id":"https:\/\/www.hotellecorbusier.com\/lhotel-le-corbusier-dans-la-chronique-voyage-del-pais-du-25-aout-2016\/#article","isPartOf":{"@id":"https:\/\/www.hotellecorbusier.com\/lhotel-le-corbusier-dans-la-chronique-voyage-del-pais-du-25-aout-2016\/"},"author":{"name":"LeCorbusier","@id":"https:\/\/www.hotellecorbusier.com\/#\/schema\/person\/6c8da7219842529aaf40fa3888ccae59"},"headline":"L&rsquo;H\u00f4tel Le Corbusier \u00e0 Marseille, dans la chronique voyage d&rsquo;EL PAIS du 25 ao\u00fbt 2016","datePublished":"2016-08-29T09:53:45+00:00","dateModified":"2016-11-21T15:25:58+00:00","mainEntityOfPage":{"@id":"https:\/\/www.hotellecorbusier.com\/lhotel-le-corbusier-dans-la-chronique-voyage-del-pais-du-25-aout-2016\/"},"wordCount":70,"publisher":{"@id":"https:\/\/www.hotellecorbusier.com\/#organization"},"image":{"@id":"https:\/\/www.hotellecorbusier.com\/lhotel-le-corbusier-dans-la-chronique-voyage-del-pais-du-25-aout-2016\/#primaryimage"},"thumbnailUrl":"https:\/\/www.hotellecorbusier.com\/wp-content\/uploads\/2016\/08\/Pasillo-de-la-Unidad-Habitacional-de-Marsella-de-Le-Corbusier-SAMUEL-SANCHEZ.jpg","articleSection":["PRESSE 2015"],"inLanguage":"en-US"},{"@type":"WebPage","@id":"https:\/\/www.hotellecorbusier.com\/lhotel-le-corbusier-dans-la-chronique-voyage-del-pais-du-25-aout-2016\/","url":"https:\/\/www.hotellecorbusier.com\/lhotel-le-corbusier-dans-la-chronique-voyage-del-pais-du-25-aout-2016\/","name":"L'H\u00f4tel Le Corbusier \u00e0 Marseille, dans la chronique voyage d'EL PAIS du 25 ao\u00fbt 2016","isPartOf":{"@id":"https:\/\/www.hotellecorbusier.com\/#website"},"primaryImageOfPage":{"@id":"https:\/\/www.hotellecorbusier.com\/lhotel-le-corbusier-dans-la-chronique-voyage-del-pais-du-25-aout-2016\/#primaryimage"},"image":{"@id":"https:\/\/www.hotellecorbusier.com\/lhotel-le-corbusier-dans-la-chronique-voyage-del-pais-du-25-aout-2016\/#primaryimage"},"thumbnailUrl":"https:\/\/www.hotellecorbusier.com\/wp-content\/uploads\/2016\/08\/Pasillo-de-la-Unidad-Habitacional-de-Marsella-de-Le-Corbusier-SAMUEL-SANCHEZ.jpg","datePublished":"2016-08-29T09:53:45+00:00","dateModified":"2016-11-21T15:25:58+00:00","breadcrumb":{"@id":"https:\/\/www.hotellecorbusier.com\/lhotel-le-corbusier-dans-la-chronique-voyage-del-pais-du-25-aout-2016\/#breadcrumb"},"inLanguage":"en-US","potentialAction":[{"@type":"ReadAction","target":["https:\/\/www.hotellecorbusier.com\/lhotel-le-corbusier-dans-la-chronique-voyage-del-pais-du-25-aout-2016\/"]}]},{"@type":"ImageObject","inLanguage":"en-US","@id":"https:\/\/www.hotellecorbusier.com\/lhotel-le-corbusier-dans-la-chronique-voyage-del-pais-du-25-aout-2016\/#primaryimage","url":"https:\/\/www.hotellecorbusier.com\/wp-content\/uploads\/2016\/08\/Pasillo-de-la-Unidad-Habitacional-de-Marsella-de-Le-Corbusier-SAMUEL-SANCHEZ.jpg","contentUrl":"https:\/\/www.hotellecorbusier.com\/wp-content\/uploads\/2016\/08\/Pasillo-de-la-Unidad-Habitacional-de-Marsella-de-Le-Corbusier-SAMUEL-SANCHEZ.jpg","width":980,"height":785,"caption":"cr\u00e9dit: SAMUEL SANCHEZ"},{"@type":"BreadcrumbList","@id":"https:\/\/www.hotellecorbusier.com\/lhotel-le-corbusier-dans-la-chronique-voyage-del-pais-du-25-aout-2016\/#breadcrumb","itemListElement":[{"@type":"ListItem","position":1,"name":"Accueil","item":"https:\/\/www.hotellecorbusier.com\/"},{"@type":"ListItem","position":2,"name":"L&rsquo;H\u00f4tel Le Corbusier \u00e0 Marseille, dans la chronique voyage d&rsquo;EL PAIS du 25 ao\u00fbt 2016"}]},{"@type":"WebSite","@id":"https:\/\/www.hotellecorbusier.com\/#website","url":"https:\/\/www.hotellecorbusier.com\/","name":"Le Corbusier Hotel","description":"Meilleur prix sur internet garanti TOUJOURS MOINS CHER QUE BOOKING! R\u00e9servez en ligne maintenant sur le SITE OFFICIEL BOOK NOW, ALWAYS CHEAPER THAN BOOKING","publisher":{"@id":"https:\/\/www.hotellecorbusier.com\/#organization"},"potentialAction":[{"@type":"SearchAction","target":{"@type":"EntryPoint","urlTemplate":"https:\/\/www.hotellecorbusier.com\/?s={search_term_string}"},"query-input":{"@type":"PropertyValueSpecification","valueRequired":true,"valueName":"search_term_string"}}],"inLanguage":"en-US"},{"@type":"Organization","@id":"https:\/\/www.hotellecorbusier.com\/#organization","name":"Le Corbusier Hotel","url":"https:\/\/www.hotellecorbusier.com\/","logo":{"@type":"ImageObject","inLanguage":"en-US","@id":"https:\/\/www.hotellecorbusier.com\/#\/schema\/logo\/image\/","url":"https:\/\/www.hotellecorbusier.com\/wp-content\/uploads\/2016\/08\/logo-corbusier_02.png","contentUrl":"https:\/\/www.hotellecorbusier.com\/wp-content\/uploads\/2016\/08\/logo-corbusier_02.png","width":396,"height":190,"caption":"H\u00f4tel LE CORBUSIER"},"image":{"@id":"https:\/\/www.hotellecorbusier.com\/#\/schema\/logo\/image\/"}},{"@type":"Person","@id":"https:\/\/www.hotellecorbusier.com\/#\/schema\/person\/6c8da7219842529aaf40fa3888ccae59","name":"LeCorbusier","image":{"@type":"ImageObject","inLanguage":"en-US","@id":"https:\/\/secure.gravatar.com\/avatar\/fbe3661a1c1fa9499a307608b98fe661c590a4ce60bc35ee067141badadfc86e?s=96&d=mm&r=g","url":"https:\/\/secure.gravatar.com\/avatar\/fbe3661a1c1fa9499a307608b98fe661c590a4ce60bc35ee067141badadfc86e?s=96&d=mm&r=g","contentUrl":"https:\/\/secure.gravatar.com\/avatar\/fbe3661a1c1fa9499a307608b98fe661c590a4ce60bc35ee067141badadfc86e?s=96&d=mm&r=g","caption":"LeCorbusier"},"url":"https:\/\/www.hotellecorbusier.com\/en\/author\/lecorbusier\/"}]}},"_links":{"self":[{"href":"https:\/\/www.hotellecorbusier.com\/en\/wp-json\/wp\/v2\/posts\/21156","targetHints":{"allow":["GET"]}}],"collection":[{"href":"https:\/\/www.hotellecorbusier.com\/en\/wp-json\/wp\/v2\/posts"}],"about":[{"href":"https:\/\/www.hotellecorbusier.com\/en\/wp-json\/wp\/v2\/types\/post"}],"author":[{"embeddable":true,"href":"https:\/\/www.hotellecorbusier.com\/en\/wp-json\/wp\/v2\/users\/4"}],"replies":[{"embeddable":true,"href":"https:\/\/www.hotellecorbusier.com\/en\/wp-json\/wp\/v2\/comments?post=21156"}],"version-history":[{"count":6,"href":"https:\/\/www.hotellecorbusier.com\/en\/wp-json\/wp\/v2\/posts\/21156\/revisions"}],"predecessor-version":[{"id":21165,"href":"https:\/\/www.hotellecorbusier.com\/en\/wp-json\/wp\/v2\/posts\/21156\/revisions\/21165"}],"wp:featuredmedia":[{"embeddable":true,"href":"https:\/\/www.hotellecorbusier.com\/en\/wp-json\/wp\/v2\/media\/21160"}],"wp:attachment":[{"href":"https:\/\/www.hotellecorbusier.com\/en\/wp-json\/wp\/v2\/media?parent=21156"}],"wp:term":[{"taxonomy":"category","embeddable":true,"href":"https:\/\/www.hotellecorbusier.com\/en\/wp-json\/wp\/v2\/categories?post=21156"},{"taxonomy":"post_tag","embeddable":true,"href":"https:\/\/www.hotellecorbusier.com\/en\/wp-json\/wp\/v2\/tags?post=21156"}],"curies":[{"name":"wp","href":"https:\/\/api.w.org\/{rel}","templated":true}]}}