{"id":21222,"date":"2016-11-21T16:03:14","date_gmt":"2016-11-21T15:03:14","guid":{"rendered":"http:\/\/www.hotellecorbusier.com\/?p=21222"},"modified":"2016-11-21T16:22:19","modified_gmt":"2016-11-21T15:22:19","slug":"21222-2","status":"publish","type":"post","link":"https:\/\/www.hotellecorbusier.com\/en\/21222-2\/","title":{"rendered":"La cit\u00e9 radieuse on France 2 a Private Visit presented by St\u00e9phane Bern"},"content":{"rendered":"<p>l&rsquo;Emission du 09\/11\/2016 de Visites Priv\u00e9es sur France 2 propose une Visite de cette construction de 1952 qui a impos\u00e9 une nouvelle vision de l&rsquo;habitat, la cit\u00e9 radieuse de Le Corbusier.<br \/>\n<a href=\"https:\/\/www.hotellecorbusier.com\/wp-content\/uploads\/2016\/11\/le-corbusier-marseille-france-2-visites-priv\u00e9es.png\"><br \/>\n<\/a><br \/>\n<iframe src=\"\/\/embedftv-a.akamaihd.net\/7d9aef841909b991f6c9cfabdb8cce49\" width=\"544\" height=\"306\" frameborder=\"0\" scrolling=\"no\" allowfullscreen=\"allowfullscreen\"><\/iframe><br \/>\n<a href=\"http:\/\/www.france2.fr\/emissions\/visites-privees\/videos\/le_corbusier_la_cite_radieuse_09-11-2016_1347891?onglet=tous&amp;page=2\" target=\"_blank\">Le Corbusier, la cit\u00e9 radieuse<\/a><\/p>\n<p>&nbsp;<\/p>\n<p>&nbsp;<\/p>","protected":false},"excerpt":{"rendered":"<p>l&rsquo;Emission du 09\/11\/2016 de Visites Priv\u00e9es sur France 2 propose une Visite de cette construction de 1952 qui a impos\u00e9 une nouvelle vision de l&rsquo;habitat, la cit\u00e9 radieuse de Le Corbusier. Le Corbusier, la cit\u00e9 radieuse &nbsp; &nbsp;<\/p>","protected":false},"author":4,"featured_media":21234,"comment_status":"closed","ping_status":"closed","sticky":false,"template":"","format":"standard","meta":{"site-sidebar-layout":"default","site-content-layout":"","ast-site-content-layout":"default","site-content-style":"default","site-sidebar-style":"default","ast-global-header-display":"","ast-banner-title-visibility":"","ast-main-header-display":"","ast-hfb-above-header-display":"","ast-hfb-below-header-display":"","ast-hfb-mobile-header-display":"","site-post-title":"","ast-breadcrumbs-content":"","ast-featured-img":"","footer-sml-layout":"","ast-disable-related-posts":"","theme-transparent-header-meta":"","adv-header-id-meta":"","stick-header-meta":"","header-above-stick-meta":"","header-main-stick-meta":"","header-below-stick-meta":"","astra-migrate-meta-layouts":"default","ast-page-background-enabled":"default","ast-page-background-meta":{"desktop":{"background-color":"","background-image":"","background-repeat":"repeat","background-position":"center center","background-size":"auto","background-attachment":"scroll","background-type":"","background-media":"","overlay-type":"","overlay-color":"","overlay-opacity":"","overlay-gradient":""},"tablet":{"background-color":"","background-image":"","background-repeat":"repeat","background-position":"center center","background-size":"auto","background-attachment":"scroll","background-type":"","background-media":"","overlay-type":"","overlay-color":"","overlay-opacity":"","overlay-gradient":""},"mobile":{"background-color":"","background-image":"","background-repeat":"repeat","background-position":"center center","background-size":"auto","background-attachment":"scroll","background-type":"","background-media":"","overlay-type":"","overlay-color":"","overlay-opacity":"","overlay-gradient":""}},"ast-content-background-meta":{"desktop":{"background-color":"var(--ast-global-color-5)","background-image":"","background-repeat":"repeat","background-position":"center center","background-size":"auto","background-attachment":"scroll","background-type":"","background-media":"","overlay-type":"","overlay-color":"","overlay-opacity":"","overlay-gradient":""},"tablet":{"background-color":"var(--ast-global-color-5)","background-image":"","background-repeat":"repeat","background-position":"center center","background-size":"auto","background-attachment":"scroll","background-type":"","background-media":"","overlay-type":"","overlay-color":"","overlay-opacity":"","overlay-gradient":""},"mobile":{"background-color":"var(--ast-global-color-5)","background-image":"","background-repeat":"repeat","background-position":"center center","background-size":"auto","background-attachment":"scroll","background-type":"","background-media":"","overlay-type":"","overlay-color":"","overlay-opacity":"","overlay-gradient":""}},"footnotes":""},"categories":[160],"tags":[],"class_list":["post-21222","post","type-post","status-publish","format-standard","has-post-thumbnail","hentry","category-presse-2016"],"yoast_head":"<!-- This site is optimized with the Yoast SEO plugin v27.5 - https:\/\/yoast.com\/product\/yoast-seo-wordpress\/ -->\n<title>La cit\u00e9 radieuse sur France 2 une Visite Priv\u00e9e pr\u00e9sent\u00e9e par St\u00e9phane Bern<\/title>\n<meta name=\"robots\" content=\"index, follow, max-snippet:-1, max-image-preview:large, max-video-preview:-1\" \/>\n<link rel=\"canonical\" href=\"https:\/\/www.hotellecorbusier.com\/en\/21222-2\/\" \/>\n<meta name=\"twitter:label1\" content=\"Written by\" \/>\n\t<meta name=\"twitter:data1\" content=\"LeCorbusier\" \/>\n<script type=\"application\/ld+json\" class=\"yoast-schema-graph\">{\"@context\":\"https:\\\/\\\/schema.org\",\"@graph\":[{\"@type\":\"Article\",\"@id\":\"https:\\\/\\\/www.hotellecorbusier.com\\\/21222-2\\\/#article\",\"isPartOf\":{\"@id\":\"https:\\\/\\\/www.hotellecorbusier.com\\\/21222-2\\\/\"},\"author\":{\"name\":\"LeCorbusier\",\"@id\":\"https:\\\/\\\/www.hotellecorbusier.com\\\/#\\\/schema\\\/person\\\/6c8da7219842529aaf40fa3888ccae59\"},\"headline\":\"La cit\u00e9 radieuse sur France 2 une Visite Priv\u00e9e pr\u00e9sent\u00e9e par St\u00e9phane Bern\",\"datePublished\":\"2016-11-21T15:03:14+00:00\",\"dateModified\":\"2016-11-21T15:22:19+00:00\",\"mainEntityOfPage\":{\"@id\":\"https:\\\/\\\/www.hotellecorbusier.com\\\/21222-2\\\/\"},\"wordCount\":54,\"publisher\":{\"@id\":\"https:\\\/\\\/www.hotellecorbusier.com\\\/#organization\"},\"image\":{\"@id\":\"https:\\\/\\\/www.hotellecorbusier.com\\\/21222-2\\\/#primaryimage\"},\"thumbnailUrl\":\"https:\\\/\\\/www.hotellecorbusier.com\\\/wp-content\\\/uploads\\\/2016\\\/11\\\/le-corbusier-marseille-france-2-visites-priv\u00e9es.png\",\"articleSection\":[\"PRESSE\"],\"inLanguage\":\"en-US\"},{\"@type\":\"WebPage\",\"@id\":\"https:\\\/\\\/www.hotellecorbusier.com\\\/21222-2\\\/\",\"url\":\"https:\\\/\\\/www.hotellecorbusier.com\\\/21222-2\\\/\",\"name\":\"La cit\u00e9 radieuse sur France 2 une Visite Priv\u00e9e pr\u00e9sent\u00e9e par St\u00e9phane Bern\",\"isPartOf\":{\"@id\":\"https:\\\/\\\/www.hotellecorbusier.com\\\/#website\"},\"primaryImageOfPage\":{\"@id\":\"https:\\\/\\\/www.hotellecorbusier.com\\\/21222-2\\\/#primaryimage\"},\"image\":{\"@id\":\"https:\\\/\\\/www.hotellecorbusier.com\\\/21222-2\\\/#primaryimage\"},\"thumbnailUrl\":\"https:\\\/\\\/www.hotellecorbusier.com\\\/wp-content\\\/uploads\\\/2016\\\/11\\\/le-corbusier-marseille-france-2-visites-priv\u00e9es.png\",\"datePublished\":\"2016-11-21T15:03:14+00:00\",\"dateModified\":\"2016-11-21T15:22:19+00:00\",\"breadcrumb\":{\"@id\":\"https:\\\/\\\/www.hotellecorbusier.com\\\/21222-2\\\/#breadcrumb\"},\"inLanguage\":\"en-US\",\"potentialAction\":[{\"@type\":\"ReadAction\",\"target\":[\"https:\\\/\\\/www.hotellecorbusier.com\\\/21222-2\\\/\"]}]},{\"@type\":\"ImageObject\",\"inLanguage\":\"en-US\",\"@id\":\"https:\\\/\\\/www.hotellecorbusier.com\\\/21222-2\\\/#primaryimage\",\"url\":\"https:\\\/\\\/www.hotellecorbusier.com\\\/wp-content\\\/uploads\\\/2016\\\/11\\\/le-corbusier-marseille-france-2-visites-priv\u00e9es.png\",\"contentUrl\":\"https:\\\/\\\/www.hotellecorbusier.com\\\/wp-content\\\/uploads\\\/2016\\\/11\\\/le-corbusier-marseille-france-2-visites-priv\u00e9es.png\",\"width\":944,\"height\":548},{\"@type\":\"BreadcrumbList\",\"@id\":\"https:\\\/\\\/www.hotellecorbusier.com\\\/21222-2\\\/#breadcrumb\",\"itemListElement\":[{\"@type\":\"ListItem\",\"position\":1,\"name\":\"Accueil\",\"item\":\"https:\\\/\\\/www.hotellecorbusier.com\\\/\"},{\"@type\":\"ListItem\",\"position\":2,\"name\":\"La cit\u00e9 radieuse sur France 2 une Visite Priv\u00e9e pr\u00e9sent\u00e9e par St\u00e9phane Bern\"}]},{\"@type\":\"WebSite\",\"@id\":\"https:\\\/\\\/www.hotellecorbusier.com\\\/#website\",\"url\":\"https:\\\/\\\/www.hotellecorbusier.com\\\/\",\"name\":\"H\u00f4tel LE CORBUSIER\",\"description\":\"Meilleur prix sur internet garanti TOUJOURS MOINS CHER QUE BOOKING! R\u00e9servez en ligne maintenant sur le SITE OFFICIEL BOOK NOW, ALWAYS CHEAPER THAN BOOKING\",\"publisher\":{\"@id\":\"https:\\\/\\\/www.hotellecorbusier.com\\\/#organization\"},\"potentialAction\":[{\"@type\":\"SearchAction\",\"target\":{\"@type\":\"EntryPoint\",\"urlTemplate\":\"https:\\\/\\\/www.hotellecorbusier.com\\\/?s={search_term_string}\"},\"query-input\":{\"@type\":\"PropertyValueSpecification\",\"valueRequired\":true,\"valueName\":\"search_term_string\"}}],\"inLanguage\":\"en-US\"},{\"@type\":\"Organization\",\"@id\":\"https:\\\/\\\/www.hotellecorbusier.com\\\/#organization\",\"name\":\"H\u00f4tel LE CORBUSIER\",\"url\":\"https:\\\/\\\/www.hotellecorbusier.com\\\/\",\"logo\":{\"@type\":\"ImageObject\",\"inLanguage\":\"en-US\",\"@id\":\"https:\\\/\\\/www.hotellecorbusier.com\\\/#\\\/schema\\\/logo\\\/image\\\/\",\"url\":\"https:\\\/\\\/www.hotellecorbusier.com\\\/wp-content\\\/uploads\\\/2016\\\/08\\\/logo-corbusier_02.png\",\"contentUrl\":\"https:\\\/\\\/www.hotellecorbusier.com\\\/wp-content\\\/uploads\\\/2016\\\/08\\\/logo-corbusier_02.png\",\"width\":396,\"height\":190,\"caption\":\"H\u00f4tel LE CORBUSIER\"},\"image\":{\"@id\":\"https:\\\/\\\/www.hotellecorbusier.com\\\/#\\\/schema\\\/logo\\\/image\\\/\"}},{\"@type\":\"Person\",\"@id\":\"https:\\\/\\\/www.hotellecorbusier.com\\\/#\\\/schema\\\/person\\\/6c8da7219842529aaf40fa3888ccae59\",\"name\":\"LeCorbusier\",\"image\":{\"@type\":\"ImageObject\",\"inLanguage\":\"en-US\",\"@id\":\"https:\\\/\\\/secure.gravatar.com\\\/avatar\\\/fbe3661a1c1fa9499a307608b98fe661c590a4ce60bc35ee067141badadfc86e?s=96&d=mm&r=g\",\"url\":\"https:\\\/\\\/secure.gravatar.com\\\/avatar\\\/fbe3661a1c1fa9499a307608b98fe661c590a4ce60bc35ee067141badadfc86e?s=96&d=mm&r=g\",\"contentUrl\":\"https:\\\/\\\/secure.gravatar.com\\\/avatar\\\/fbe3661a1c1fa9499a307608b98fe661c590a4ce60bc35ee067141badadfc86e?s=96&d=mm&r=g\",\"caption\":\"LeCorbusier\"},\"url\":\"https:\\\/\\\/www.hotellecorbusier.com\\\/en\\\/author\\\/lecorbusier\\\/\"}]}<\/script>\n<!-- \/ Yoast SEO plugin. -->","yoast_head_json":{"title":"La cit\u00e9 radieuse on France 2 a Private Visit presented by St\u00e9phane Bern","robots":{"index":"index","follow":"follow","max-snippet":"max-snippet:-1","max-image-preview":"max-image-preview:large","max-video-preview":"max-video-preview:-1"},"canonical":"https:\/\/www.hotellecorbusier.com\/en\/21222-2\/","twitter_misc":{"Written by":"LeCorbusier"},"schema":{"@context":"https:\/\/schema.org","@graph":[{"@type":"Article","@id":"https:\/\/www.hotellecorbusier.com\/21222-2\/#article","isPartOf":{"@id":"https:\/\/www.hotellecorbusier.com\/21222-2\/"},"author":{"name":"LeCorbusier","@id":"https:\/\/www.hotellecorbusier.com\/#\/schema\/person\/6c8da7219842529aaf40fa3888ccae59"},"headline":"La cit\u00e9 radieuse sur France 2 une Visite Priv\u00e9e pr\u00e9sent\u00e9e par St\u00e9phane Bern","datePublished":"2016-11-21T15:03:14+00:00","dateModified":"2016-11-21T15:22:19+00:00","mainEntityOfPage":{"@id":"https:\/\/www.hotellecorbusier.com\/21222-2\/"},"wordCount":54,"publisher":{"@id":"https:\/\/www.hotellecorbusier.com\/#organization"},"image":{"@id":"https:\/\/www.hotellecorbusier.com\/21222-2\/#primaryimage"},"thumbnailUrl":"https:\/\/www.hotellecorbusier.com\/wp-content\/uploads\/2016\/11\/le-corbusier-marseille-france-2-visites-priv\u00e9es.png","articleSection":["PRESSE"],"inLanguage":"en-US"},{"@type":"WebPage","@id":"https:\/\/www.hotellecorbusier.com\/21222-2\/","url":"https:\/\/www.hotellecorbusier.com\/21222-2\/","name":"La cit\u00e9 radieuse on France 2 a Private Visit presented by St\u00e9phane Bern","isPartOf":{"@id":"https:\/\/www.hotellecorbusier.com\/#website"},"primaryImageOfPage":{"@id":"https:\/\/www.hotellecorbusier.com\/21222-2\/#primaryimage"},"image":{"@id":"https:\/\/www.hotellecorbusier.com\/21222-2\/#primaryimage"},"thumbnailUrl":"https:\/\/www.hotellecorbusier.com\/wp-content\/uploads\/2016\/11\/le-corbusier-marseille-france-2-visites-priv\u00e9es.png","datePublished":"2016-11-21T15:03:14+00:00","dateModified":"2016-11-21T15:22:19+00:00","breadcrumb":{"@id":"https:\/\/www.hotellecorbusier.com\/21222-2\/#breadcrumb"},"inLanguage":"en-US","potentialAction":[{"@type":"ReadAction","target":["https:\/\/www.hotellecorbusier.com\/21222-2\/"]}]},{"@type":"ImageObject","inLanguage":"en-US","@id":"https:\/\/www.hotellecorbusier.com\/21222-2\/#primaryimage","url":"https:\/\/www.hotellecorbusier.com\/wp-content\/uploads\/2016\/11\/le-corbusier-marseille-france-2-visites-priv\u00e9es.png","contentUrl":"https:\/\/www.hotellecorbusier.com\/wp-content\/uploads\/2016\/11\/le-corbusier-marseille-france-2-visites-priv\u00e9es.png","width":944,"height":548},{"@type":"BreadcrumbList","@id":"https:\/\/www.hotellecorbusier.com\/21222-2\/#breadcrumb","itemListElement":[{"@type":"ListItem","position":1,"name":"Accueil","item":"https:\/\/www.hotellecorbusier.com\/"},{"@type":"ListItem","position":2,"name":"La cit\u00e9 radieuse sur France 2 une Visite Priv\u00e9e pr\u00e9sent\u00e9e par St\u00e9phane Bern"}]},{"@type":"WebSite","@id":"https:\/\/www.hotellecorbusier.com\/#website","url":"https:\/\/www.hotellecorbusier.com\/","name":"Le Corbusier Hotel","description":"Meilleur prix sur internet garanti TOUJOURS MOINS CHER QUE BOOKING! R\u00e9servez en ligne maintenant sur le SITE OFFICIEL BOOK NOW, ALWAYS CHEAPER THAN BOOKING","publisher":{"@id":"https:\/\/www.hotellecorbusier.com\/#organization"},"potentialAction":[{"@type":"SearchAction","target":{"@type":"EntryPoint","urlTemplate":"https:\/\/www.hotellecorbusier.com\/?s={search_term_string}"},"query-input":{"@type":"PropertyValueSpecification","valueRequired":true,"valueName":"search_term_string"}}],"inLanguage":"en-US"},{"@type":"Organization","@id":"https:\/\/www.hotellecorbusier.com\/#organization","name":"Le Corbusier Hotel","url":"https:\/\/www.hotellecorbusier.com\/","logo":{"@type":"ImageObject","inLanguage":"en-US","@id":"https:\/\/www.hotellecorbusier.com\/#\/schema\/logo\/image\/","url":"https:\/\/www.hotellecorbusier.com\/wp-content\/uploads\/2016\/08\/logo-corbusier_02.png","contentUrl":"https:\/\/www.hotellecorbusier.com\/wp-content\/uploads\/2016\/08\/logo-corbusier_02.png","width":396,"height":190,"caption":"H\u00f4tel LE CORBUSIER"},"image":{"@id":"https:\/\/www.hotellecorbusier.com\/#\/schema\/logo\/image\/"}},{"@type":"Person","@id":"https:\/\/www.hotellecorbusier.com\/#\/schema\/person\/6c8da7219842529aaf40fa3888ccae59","name":"LeCorbusier","image":{"@type":"ImageObject","inLanguage":"en-US","@id":"https:\/\/secure.gravatar.com\/avatar\/fbe3661a1c1fa9499a307608b98fe661c590a4ce60bc35ee067141badadfc86e?s=96&d=mm&r=g","url":"https:\/\/secure.gravatar.com\/avatar\/fbe3661a1c1fa9499a307608b98fe661c590a4ce60bc35ee067141badadfc86e?s=96&d=mm&r=g","contentUrl":"https:\/\/secure.gravatar.com\/avatar\/fbe3661a1c1fa9499a307608b98fe661c590a4ce60bc35ee067141badadfc86e?s=96&d=mm&r=g","caption":"LeCorbusier"},"url":"https:\/\/www.hotellecorbusier.com\/en\/author\/lecorbusier\/"}]}},"_links":{"self":[{"href":"https:\/\/www.hotellecorbusier.com\/en\/wp-json\/wp\/v2\/posts\/21222","targetHints":{"allow":["GET"]}}],"collection":[{"href":"https:\/\/www.hotellecorbusier.com\/en\/wp-json\/wp\/v2\/posts"}],"about":[{"href":"https:\/\/www.hotellecorbusier.com\/en\/wp-json\/wp\/v2\/types\/post"}],"author":[{"embeddable":true,"href":"https:\/\/www.hotellecorbusier.com\/en\/wp-json\/wp\/v2\/users\/4"}],"replies":[{"embeddable":true,"href":"https:\/\/www.hotellecorbusier.com\/en\/wp-json\/wp\/v2\/comments?post=21222"}],"version-history":[{"count":9,"href":"https:\/\/www.hotellecorbusier.com\/en\/wp-json\/wp\/v2\/posts\/21222\/revisions"}],"predecessor-version":[{"id":21233,"href":"https:\/\/www.hotellecorbusier.com\/en\/wp-json\/wp\/v2\/posts\/21222\/revisions\/21233"}],"wp:featuredmedia":[{"embeddable":true,"href":"https:\/\/www.hotellecorbusier.com\/en\/wp-json\/wp\/v2\/media\/21234"}],"wp:attachment":[{"href":"https:\/\/www.hotellecorbusier.com\/en\/wp-json\/wp\/v2\/media?parent=21222"}],"wp:term":[{"taxonomy":"category","embeddable":true,"href":"https:\/\/www.hotellecorbusier.com\/en\/wp-json\/wp\/v2\/categories?post=21222"},{"taxonomy":"post_tag","embeddable":true,"href":"https:\/\/www.hotellecorbusier.com\/en\/wp-json\/wp\/v2\/tags?post=21222"}],"curies":[{"name":"wp","href":"https:\/\/api.w.org\/{rel}","templated":true}]}}