{"id":22376,"date":"2022-01-27T10:33:56","date_gmt":"2022-01-27T09:33:56","guid":{"rendered":"https:\/\/www.hotellecorbusier.com\/concert-jul-marseille-2022-copy\/"},"modified":"2022-01-27T10:37:15","modified_gmt":"2022-01-27T09:37:15","slug":"concert-mylene-farmer-marseille-2023","status":"publish","type":"post","link":"https:\/\/www.hotellecorbusier.com\/en\/concert-mylene-farmer-marseille-2023\/","title":{"rendered":"H\u00f4tel pour le concert de Myl\u00e8ne Farmer \u00e0 Marseille 2023"},"content":{"rendered":"<p>En 2023, Myl\u00e8ne Farmer entreprend une tourn\u00e9e dans neuf villes de France parmi lesquelles Marseille. Elle se produira aussi en Belgique et en Suisse. Cette tourn\u00e9e prend le nom de Nevermore 2023. Les fans remarqueront que l\u2019affiche de ce spectacle rappelle la premi\u00e8re tourn\u00e9e de la chanteuse : le Tour 89. Le clich\u00e9 utilis\u00e9 est celui de la pochette de l\u2019album live de la tourn\u00e9e de 1989. L\u2019intitul\u00e9 de la tourn\u00e9e, \u00ab\u00a0Nevermore\u00a0\u00bb, \u00ab\u00a0Plus jamais\u00a0\u00bb en fran\u00e7ais, signifie-t-il qu\u2019il s\u2019agit du dernier spectacle de la star fran\u00e7aise ? Myl\u00e8ne Farmer adore les myst\u00e8res et il n\u2019est pas s\u00fbr que les fans b\u00e9n\u00e9ficient d\u2019une explication avant de longs mois.<\/p>\n<p>A l\u2019occasion du concert de Myl\u00e8ne Farmer \u00e0 l\u2019Orange V\u00e9lodrome, le 8 juillet 2023, nous vous proposons de s\u00e9journer dans un h\u00f4tel unique au monde, install\u00e9 au c\u0153ur d\u2019un \u00e9difice \u00e0 l\u2019architecture \u00e9poustouflante.<\/p>\n<p>Notre H\u00f4tel pour le concert de Myl\u00e8ne Farmer \u00e0 Marseille 2023 est un lieu unique et magique. Situ\u00e9 dans le 8\u00e8me arrondissement, nous vous invitons \u00e0 venir d\u00e9couvrir l\u2019une de nos 21 chambres avec un panorama sur la mer et les \u00eeles du Frioul. Notre restaurant vous accueille \u00e9galement pour le petit-d\u00e9jeuner ou le d\u00eener dans un cadre architectural somptueux.<\/p>\n<p>Choisir notre H\u00f4tel pour le concert de Myl\u00e8ne Farmer \u00e0 Marseille 2023, vous donne un acc\u00e8s simple et rapide \u00e0 l\u2019Orange V\u00e9lodrome gr\u00e2ce aux r\u00e9seaux de transports en commun. L\u2019excellente localisation de notre \u00e9tablissement vous permet d\u2019explorer \u00e9galement l\u2019ensemble des points d\u2019int\u00e9r\u00eat de la cit\u00e9 phoc\u00e9enne.<\/p>","protected":false},"excerpt":{"rendered":"<p>En 2023, Myl\u00e8ne Farmer entreprend une tourn\u00e9e dans neuf villes de France parmi lesquelles Marseille. Elle se produira aussi en Belgique et en Suisse. Cette tourn\u00e9e prend le nom de Nevermore 2023. Les fans remarqueront que l\u2019affiche de ce spectacle rappelle la premi\u00e8re tourn\u00e9e de la chanteuse : le Tour 89. Le clich\u00e9 utilis\u00e9 est [&hellip;]<\/p>\n","protected":false},"author":4,"featured_media":22378,"comment_status":"closed","ping_status":"closed","sticky":false,"template":"","format":"standard","meta":{"site-sidebar-layout":"default","site-content-layout":"","ast-site-content-layout":"default","site-content-style":"default","site-sidebar-style":"default","ast-global-header-display":"","ast-banner-title-visibility":"","ast-main-header-display":"","ast-hfb-above-header-display":"","ast-hfb-below-header-display":"","ast-hfb-mobile-header-display":"","site-post-title":"","ast-breadcrumbs-content":"","ast-featured-img":"","footer-sml-layout":"","ast-disable-related-posts":"","theme-transparent-header-meta":"","adv-header-id-meta":"","stick-header-meta":"","header-above-stick-meta":"","header-main-stick-meta":"","header-below-stick-meta":"","astra-migrate-meta-layouts":"default","ast-page-background-enabled":"default","ast-page-background-meta":{"desktop":{"background-color":"","background-image":"","background-repeat":"repeat","background-position":"center center","background-size":"auto","background-attachment":"scroll","background-type":"","background-media":"","overlay-type":"","overlay-color":"","overlay-opacity":"","overlay-gradient":""},"tablet":{"background-color":"","background-image":"","background-repeat":"repeat","background-position":"center center","background-size":"auto","background-attachment":"scroll","background-type":"","background-media":"","overlay-type":"","overlay-color":"","overlay-opacity":"","overlay-gradient":""},"mobile":{"background-color":"","background-image":"","background-repeat":"repeat","background-position":"center center","background-size":"auto","background-attachment":"scroll","background-type":"","background-media":"","overlay-type":"","overlay-color":"","overlay-opacity":"","overlay-gradient":""}},"ast-content-background-meta":{"desktop":{"background-color":"var(--ast-global-color-5)","background-image":"","background-repeat":"repeat","background-position":"center center","background-size":"auto","background-attachment":"scroll","background-type":"","background-media":"","overlay-type":"","overlay-color":"","overlay-opacity":"","overlay-gradient":""},"tablet":{"background-color":"var(--ast-global-color-5)","background-image":"","background-repeat":"repeat","background-position":"center center","background-size":"auto","background-attachment":"scroll","background-type":"","background-media":"","overlay-type":"","overlay-color":"","overlay-opacity":"","overlay-gradient":""},"mobile":{"background-color":"var(--ast-global-color-5)","background-image":"","background-repeat":"repeat","background-position":"center center","background-size":"auto","background-attachment":"scroll","background-type":"","background-media":"","overlay-type":"","overlay-color":"","overlay-opacity":"","overlay-gradient":""}},"footnotes":""},"categories":[115],"tags":[],"class_list":["post-22376","post","type-post","status-publish","format-standard","has-post-thumbnail","hentry","category-actu"],"yoast_head":"<!-- This site is optimized with the Yoast SEO plugin v27.5 - https:\/\/yoast.com\/product\/yoast-seo-wordpress\/ -->\n<title>H\u00f4tel pour le concert de Myl\u00e8ne Farmer \u00e0 Marseille 2023<\/title>\n<meta name=\"robots\" content=\"index, follow, max-snippet:-1, max-image-preview:large, max-video-preview:-1\" \/>\n<link rel=\"canonical\" href=\"https:\/\/www.hotellecorbusier.com\/en\/concert-mylene-farmer-marseille-2023\/\" \/>\n<meta name=\"twitter:label1\" content=\"Written by\" \/>\n\t<meta name=\"twitter:data1\" content=\"LeCorbusier\" \/>\n\t<meta name=\"twitter:label2\" content=\"Est. reading time\" \/>\n\t<meta name=\"twitter:data2\" content=\"1 minute\" \/>\n<script type=\"application\/ld+json\" class=\"yoast-schema-graph\">{\"@context\":\"https:\\\/\\\/schema.org\",\"@graph\":[{\"@type\":\"Article\",\"@id\":\"https:\\\/\\\/www.hotellecorbusier.com\\\/concert-mylene-farmer-marseille-2023\\\/#article\",\"isPartOf\":{\"@id\":\"https:\\\/\\\/www.hotellecorbusier.com\\\/concert-mylene-farmer-marseille-2023\\\/\"},\"author\":{\"name\":\"LeCorbusier\",\"@id\":\"https:\\\/\\\/www.hotellecorbusier.com\\\/#\\\/schema\\\/person\\\/6c8da7219842529aaf40fa3888ccae59\"},\"headline\":\"H\u00f4tel pour le concert de Myl\u00e8ne Farmer \u00e0 Marseille 2023\",\"datePublished\":\"2022-01-27T09:33:56+00:00\",\"dateModified\":\"2022-01-27T09:37:15+00:00\",\"mainEntityOfPage\":{\"@id\":\"https:\\\/\\\/www.hotellecorbusier.com\\\/concert-mylene-farmer-marseille-2023\\\/\"},\"wordCount\":289,\"publisher\":{\"@id\":\"https:\\\/\\\/www.hotellecorbusier.com\\\/#organization\"},\"image\":{\"@id\":\"https:\\\/\\\/www.hotellecorbusier.com\\\/concert-mylene-farmer-marseille-2023\\\/#primaryimage\"},\"thumbnailUrl\":\"https:\\\/\\\/www.hotellecorbusier.com\\\/wp-content\\\/uploads\\\/2022\\\/01\\\/mylene.jpg\",\"articleSection\":[\"ACTU\"],\"inLanguage\":\"en-US\"},{\"@type\":\"WebPage\",\"@id\":\"https:\\\/\\\/www.hotellecorbusier.com\\\/concert-mylene-farmer-marseille-2023\\\/\",\"url\":\"https:\\\/\\\/www.hotellecorbusier.com\\\/concert-mylene-farmer-marseille-2023\\\/\",\"name\":\"H\u00f4tel pour le concert de Myl\u00e8ne Farmer \u00e0 Marseille 2023\",\"isPartOf\":{\"@id\":\"https:\\\/\\\/www.hotellecorbusier.com\\\/#website\"},\"primaryImageOfPage\":{\"@id\":\"https:\\\/\\\/www.hotellecorbusier.com\\\/concert-mylene-farmer-marseille-2023\\\/#primaryimage\"},\"image\":{\"@id\":\"https:\\\/\\\/www.hotellecorbusier.com\\\/concert-mylene-farmer-marseille-2023\\\/#primaryimage\"},\"thumbnailUrl\":\"https:\\\/\\\/www.hotellecorbusier.com\\\/wp-content\\\/uploads\\\/2022\\\/01\\\/mylene.jpg\",\"datePublished\":\"2022-01-27T09:33:56+00:00\",\"dateModified\":\"2022-01-27T09:37:15+00:00\",\"breadcrumb\":{\"@id\":\"https:\\\/\\\/www.hotellecorbusier.com\\\/concert-mylene-farmer-marseille-2023\\\/#breadcrumb\"},\"inLanguage\":\"en-US\",\"potentialAction\":[{\"@type\":\"ReadAction\",\"target\":[\"https:\\\/\\\/www.hotellecorbusier.com\\\/concert-mylene-farmer-marseille-2023\\\/\"]}]},{\"@type\":\"ImageObject\",\"inLanguage\":\"en-US\",\"@id\":\"https:\\\/\\\/www.hotellecorbusier.com\\\/concert-mylene-farmer-marseille-2023\\\/#primaryimage\",\"url\":\"https:\\\/\\\/www.hotellecorbusier.com\\\/wp-content\\\/uploads\\\/2022\\\/01\\\/mylene.jpg\",\"contentUrl\":\"https:\\\/\\\/www.hotellecorbusier.com\\\/wp-content\\\/uploads\\\/2022\\\/01\\\/mylene.jpg\",\"width\":1200,\"height\":638},{\"@type\":\"BreadcrumbList\",\"@id\":\"https:\\\/\\\/www.hotellecorbusier.com\\\/concert-mylene-farmer-marseille-2023\\\/#breadcrumb\",\"itemListElement\":[{\"@type\":\"ListItem\",\"position\":1,\"name\":\"Accueil\",\"item\":\"https:\\\/\\\/www.hotellecorbusier.com\\\/\"},{\"@type\":\"ListItem\",\"position\":2,\"name\":\"H\u00f4tel pour le concert de Myl\u00e8ne Farmer \u00e0 Marseille 2023\"}]},{\"@type\":\"WebSite\",\"@id\":\"https:\\\/\\\/www.hotellecorbusier.com\\\/#website\",\"url\":\"https:\\\/\\\/www.hotellecorbusier.com\\\/\",\"name\":\"H\u00f4tel LE CORBUSIER\",\"description\":\"Meilleur prix sur internet garanti TOUJOURS MOINS CHER QUE BOOKING! R\u00e9servez en ligne maintenant sur le SITE OFFICIEL BOOK NOW, ALWAYS CHEAPER THAN BOOKING\",\"publisher\":{\"@id\":\"https:\\\/\\\/www.hotellecorbusier.com\\\/#organization\"},\"potentialAction\":[{\"@type\":\"SearchAction\",\"target\":{\"@type\":\"EntryPoint\",\"urlTemplate\":\"https:\\\/\\\/www.hotellecorbusier.com\\\/?s={search_term_string}\"},\"query-input\":{\"@type\":\"PropertyValueSpecification\",\"valueRequired\":true,\"valueName\":\"search_term_string\"}}],\"inLanguage\":\"en-US\"},{\"@type\":\"Organization\",\"@id\":\"https:\\\/\\\/www.hotellecorbusier.com\\\/#organization\",\"name\":\"H\u00f4tel LE CORBUSIER\",\"url\":\"https:\\\/\\\/www.hotellecorbusier.com\\\/\",\"logo\":{\"@type\":\"ImageObject\",\"inLanguage\":\"en-US\",\"@id\":\"https:\\\/\\\/www.hotellecorbusier.com\\\/#\\\/schema\\\/logo\\\/image\\\/\",\"url\":\"https:\\\/\\\/www.hotellecorbusier.com\\\/wp-content\\\/uploads\\\/2016\\\/08\\\/logo-corbusier_02.png\",\"contentUrl\":\"https:\\\/\\\/www.hotellecorbusier.com\\\/wp-content\\\/uploads\\\/2016\\\/08\\\/logo-corbusier_02.png\",\"width\":396,\"height\":190,\"caption\":\"H\u00f4tel LE CORBUSIER\"},\"image\":{\"@id\":\"https:\\\/\\\/www.hotellecorbusier.com\\\/#\\\/schema\\\/logo\\\/image\\\/\"}},{\"@type\":\"Person\",\"@id\":\"https:\\\/\\\/www.hotellecorbusier.com\\\/#\\\/schema\\\/person\\\/6c8da7219842529aaf40fa3888ccae59\",\"name\":\"LeCorbusier\",\"image\":{\"@type\":\"ImageObject\",\"inLanguage\":\"en-US\",\"@id\":\"https:\\\/\\\/secure.gravatar.com\\\/avatar\\\/fbe3661a1c1fa9499a307608b98fe661c590a4ce60bc35ee067141badadfc86e?s=96&d=mm&r=g\",\"url\":\"https:\\\/\\\/secure.gravatar.com\\\/avatar\\\/fbe3661a1c1fa9499a307608b98fe661c590a4ce60bc35ee067141badadfc86e?s=96&d=mm&r=g\",\"contentUrl\":\"https:\\\/\\\/secure.gravatar.com\\\/avatar\\\/fbe3661a1c1fa9499a307608b98fe661c590a4ce60bc35ee067141badadfc86e?s=96&d=mm&r=g\",\"caption\":\"LeCorbusier\"},\"url\":\"https:\\\/\\\/www.hotellecorbusier.com\\\/en\\\/author\\\/lecorbusier\\\/\"}]}<\/script>\n<!-- \/ Yoast SEO plugin. -->","yoast_head_json":{"title":"H\u00f4tel pour le concert de Myl\u00e8ne Farmer \u00e0 Marseille 2023","robots":{"index":"index","follow":"follow","max-snippet":"max-snippet:-1","max-image-preview":"max-image-preview:large","max-video-preview":"max-video-preview:-1"},"canonical":"https:\/\/www.hotellecorbusier.com\/en\/concert-mylene-farmer-marseille-2023\/","twitter_misc":{"Written by":"LeCorbusier","Est. reading time":"1 minute"},"schema":{"@context":"https:\/\/schema.org","@graph":[{"@type":"Article","@id":"https:\/\/www.hotellecorbusier.com\/concert-mylene-farmer-marseille-2023\/#article","isPartOf":{"@id":"https:\/\/www.hotellecorbusier.com\/concert-mylene-farmer-marseille-2023\/"},"author":{"name":"LeCorbusier","@id":"https:\/\/www.hotellecorbusier.com\/#\/schema\/person\/6c8da7219842529aaf40fa3888ccae59"},"headline":"H\u00f4tel pour le concert de Myl\u00e8ne Farmer \u00e0 Marseille 2023","datePublished":"2022-01-27T09:33:56+00:00","dateModified":"2022-01-27T09:37:15+00:00","mainEntityOfPage":{"@id":"https:\/\/www.hotellecorbusier.com\/concert-mylene-farmer-marseille-2023\/"},"wordCount":289,"publisher":{"@id":"https:\/\/www.hotellecorbusier.com\/#organization"},"image":{"@id":"https:\/\/www.hotellecorbusier.com\/concert-mylene-farmer-marseille-2023\/#primaryimage"},"thumbnailUrl":"https:\/\/www.hotellecorbusier.com\/wp-content\/uploads\/2022\/01\/mylene.jpg","articleSection":["ACTU"],"inLanguage":"en-US"},{"@type":"WebPage","@id":"https:\/\/www.hotellecorbusier.com\/concert-mylene-farmer-marseille-2023\/","url":"https:\/\/www.hotellecorbusier.com\/concert-mylene-farmer-marseille-2023\/","name":"H\u00f4tel pour le concert de Myl\u00e8ne Farmer \u00e0 Marseille 2023","isPartOf":{"@id":"https:\/\/www.hotellecorbusier.com\/#website"},"primaryImageOfPage":{"@id":"https:\/\/www.hotellecorbusier.com\/concert-mylene-farmer-marseille-2023\/#primaryimage"},"image":{"@id":"https:\/\/www.hotellecorbusier.com\/concert-mylene-farmer-marseille-2023\/#primaryimage"},"thumbnailUrl":"https:\/\/www.hotellecorbusier.com\/wp-content\/uploads\/2022\/01\/mylene.jpg","datePublished":"2022-01-27T09:33:56+00:00","dateModified":"2022-01-27T09:37:15+00:00","breadcrumb":{"@id":"https:\/\/www.hotellecorbusier.com\/concert-mylene-farmer-marseille-2023\/#breadcrumb"},"inLanguage":"en-US","potentialAction":[{"@type":"ReadAction","target":["https:\/\/www.hotellecorbusier.com\/concert-mylene-farmer-marseille-2023\/"]}]},{"@type":"ImageObject","inLanguage":"en-US","@id":"https:\/\/www.hotellecorbusier.com\/concert-mylene-farmer-marseille-2023\/#primaryimage","url":"https:\/\/www.hotellecorbusier.com\/wp-content\/uploads\/2022\/01\/mylene.jpg","contentUrl":"https:\/\/www.hotellecorbusier.com\/wp-content\/uploads\/2022\/01\/mylene.jpg","width":1200,"height":638},{"@type":"BreadcrumbList","@id":"https:\/\/www.hotellecorbusier.com\/concert-mylene-farmer-marseille-2023\/#breadcrumb","itemListElement":[{"@type":"ListItem","position":1,"name":"Accueil","item":"https:\/\/www.hotellecorbusier.com\/"},{"@type":"ListItem","position":2,"name":"H\u00f4tel pour le concert de Myl\u00e8ne Farmer \u00e0 Marseille 2023"}]},{"@type":"WebSite","@id":"https:\/\/www.hotellecorbusier.com\/#website","url":"https:\/\/www.hotellecorbusier.com\/","name":"Le Corbusier Hotel","description":"Meilleur prix sur internet garanti TOUJOURS MOINS CHER QUE BOOKING! R\u00e9servez en ligne maintenant sur le SITE OFFICIEL BOOK NOW, ALWAYS CHEAPER THAN BOOKING","publisher":{"@id":"https:\/\/www.hotellecorbusier.com\/#organization"},"potentialAction":[{"@type":"SearchAction","target":{"@type":"EntryPoint","urlTemplate":"https:\/\/www.hotellecorbusier.com\/?s={search_term_string}"},"query-input":{"@type":"PropertyValueSpecification","valueRequired":true,"valueName":"search_term_string"}}],"inLanguage":"en-US"},{"@type":"Organization","@id":"https:\/\/www.hotellecorbusier.com\/#organization","name":"Le Corbusier Hotel","url":"https:\/\/www.hotellecorbusier.com\/","logo":{"@type":"ImageObject","inLanguage":"en-US","@id":"https:\/\/www.hotellecorbusier.com\/#\/schema\/logo\/image\/","url":"https:\/\/www.hotellecorbusier.com\/wp-content\/uploads\/2016\/08\/logo-corbusier_02.png","contentUrl":"https:\/\/www.hotellecorbusier.com\/wp-content\/uploads\/2016\/08\/logo-corbusier_02.png","width":396,"height":190,"caption":"H\u00f4tel LE CORBUSIER"},"image":{"@id":"https:\/\/www.hotellecorbusier.com\/#\/schema\/logo\/image\/"}},{"@type":"Person","@id":"https:\/\/www.hotellecorbusier.com\/#\/schema\/person\/6c8da7219842529aaf40fa3888ccae59","name":"LeCorbusier","image":{"@type":"ImageObject","inLanguage":"en-US","@id":"https:\/\/secure.gravatar.com\/avatar\/fbe3661a1c1fa9499a307608b98fe661c590a4ce60bc35ee067141badadfc86e?s=96&d=mm&r=g","url":"https:\/\/secure.gravatar.com\/avatar\/fbe3661a1c1fa9499a307608b98fe661c590a4ce60bc35ee067141badadfc86e?s=96&d=mm&r=g","contentUrl":"https:\/\/secure.gravatar.com\/avatar\/fbe3661a1c1fa9499a307608b98fe661c590a4ce60bc35ee067141badadfc86e?s=96&d=mm&r=g","caption":"LeCorbusier"},"url":"https:\/\/www.hotellecorbusier.com\/en\/author\/lecorbusier\/"}]}},"_links":{"self":[{"href":"https:\/\/www.hotellecorbusier.com\/en\/wp-json\/wp\/v2\/posts\/22376","targetHints":{"allow":["GET"]}}],"collection":[{"href":"https:\/\/www.hotellecorbusier.com\/en\/wp-json\/wp\/v2\/posts"}],"about":[{"href":"https:\/\/www.hotellecorbusier.com\/en\/wp-json\/wp\/v2\/types\/post"}],"author":[{"embeddable":true,"href":"https:\/\/www.hotellecorbusier.com\/en\/wp-json\/wp\/v2\/users\/4"}],"replies":[{"embeddable":true,"href":"https:\/\/www.hotellecorbusier.com\/en\/wp-json\/wp\/v2\/comments?post=22376"}],"version-history":[{"count":3,"href":"https:\/\/www.hotellecorbusier.com\/en\/wp-json\/wp\/v2\/posts\/22376\/revisions"}],"predecessor-version":[{"id":22380,"href":"https:\/\/www.hotellecorbusier.com\/en\/wp-json\/wp\/v2\/posts\/22376\/revisions\/22380"}],"wp:featuredmedia":[{"embeddable":true,"href":"https:\/\/www.hotellecorbusier.com\/en\/wp-json\/wp\/v2\/media\/22378"}],"wp:attachment":[{"href":"https:\/\/www.hotellecorbusier.com\/en\/wp-json\/wp\/v2\/media?parent=22376"}],"wp:term":[{"taxonomy":"category","embeddable":true,"href":"https:\/\/www.hotellecorbusier.com\/en\/wp-json\/wp\/v2\/categories?post=22376"},{"taxonomy":"post_tag","embeddable":true,"href":"https:\/\/www.hotellecorbusier.com\/en\/wp-json\/wp\/v2\/tags?post=22376"}],"curies":[{"name":"wp","href":"https:\/\/api.w.org\/{rel}","templated":true}]}}