{"id":24212,"date":"2024-04-10T17:25:20","date_gmt":"2024-04-10T15:25:20","guid":{"rendered":"https:\/\/www.hotellecorbusier.com\/cote-sud-copy\/"},"modified":"2024-04-17T18:15:17","modified_gmt":"2024-04-17T16:15:17","slug":"defile-haute-couture-marseille","status":"publish","type":"post","link":"https:\/\/www.hotellecorbusier.com\/en\/defile-haute-couture-marseille\/","title":{"rendered":"D\u00e9fil\u00e9 Haute Couture \u00e0 Marseille"},"content":{"rendered":"<div data-elementor-type=\"wp-post\" data-elementor-id=\"24212\" class=\"elementor elementor-24212\" data-elementor-post-type=\"post\">\n\t\t\t\t\t\t<section class=\"elementor-section elementor-top-section elementor-element elementor-element-357d80f elementor-section-full_width elementor-section-height-default elementor-section-height-default\" data-id=\"357d80f\" data-element_type=\"section\" data-e-type=\"section\">\n\t\t\t\t\t\t<div class=\"elementor-container elementor-column-gap-default\">\n\t\t\t\t\t<div class=\"elementor-column elementor-col-100 elementor-top-column elementor-element elementor-element-2182d60\" data-id=\"2182d60\" data-element_type=\"column\" data-e-type=\"column\">\n\t\t\t<div class=\"elementor-widget-wrap elementor-element-populated\">\n\t\t\t\t\t\t<div class=\"elementor-element elementor-element-8c0561d elementor-widget elementor-widget-heading\" data-id=\"8c0561d\" data-element_type=\"widget\" data-e-type=\"widget\" data-widget_type=\"heading.default\">\n\t\t\t\t<div class=\"elementor-widget-container\">\n\t\t\t\t\t<h2 class=\"elementor-heading-title elementor-size-default\">Chanel choisit l'h\u00f4tel Le Corbusier pour d\u00e9voiler sa collection<\/h2>\t\t\t\t<\/div>\n\t\t\t\t<\/div>\n\t\t\t\t<div class=\"elementor-element elementor-element-a6704f4 elementor-widget elementor-widget-text-editor\" data-id=\"a6704f4\" data-element_type=\"widget\" data-e-type=\"widget\" data-widget_type=\"text-editor.default\">\n\t\t\t\t<div class=\"elementor-widget-container\">\n\t\t\t\t\t\t\t\t\t<p>La c\u00e9l\u00e8bre marque Chanel a choisi de pr\u00e9senter sa collection croisi\u00e8re pour la saison 2024-2025 dans l&#8217;embl\u00e9matique ville de Marseille, pr\u00e9cis\u00e9ment au MAMO, situ\u00e9 au sommet de l&rsquo;iconique Cit\u00e9 Radieuse con\u00e7ue par Le Corbusier, le 2 mai prochain.\u00a0<\/p>\t\t\t\t\t\t\t\t<\/div>\n\t\t\t\t<\/div>\n\t\t\t\t<div class=\"elementor-element elementor-element-ca2f498 elementor-widget elementor-widget-image\" data-id=\"ca2f498\" data-element_type=\"widget\" data-e-type=\"widget\" data-widget_type=\"image.default\">\n\t\t\t\t<div class=\"elementor-widget-container\">\n\t\t\t\t\t\t\t\t\t\t\t\t\t\t\t<img fetchpriority=\"high\" decoding=\"async\" width=\"1024\" height=\"585\" src=\"https:\/\/www.hotellecorbusier.com\/wp-content\/uploads\/2024\/04\/defile-chanel-a-marseille-1024x585.jpg\" class=\"attachment-large size-large wp-image-24213\" alt=\"\" srcset=\"https:\/\/www.hotellecorbusier.com\/wp-content\/uploads\/2024\/04\/defile-chanel-a-marseille-1024x585.jpg 1024w, https:\/\/www.hotellecorbusier.com\/wp-content\/uploads\/2024\/04\/defile-chanel-a-marseille-300x171.jpg 300w, https:\/\/www.hotellecorbusier.com\/wp-content\/uploads\/2024\/04\/defile-chanel-a-marseille-768x439.jpg 768w, https:\/\/www.hotellecorbusier.com\/wp-content\/uploads\/2024\/04\/defile-chanel-a-marseille-18x10.jpg 18w, https:\/\/www.hotellecorbusier.com\/wp-content\/uploads\/2024\/04\/defile-chanel-a-marseille.jpg 1225w\" sizes=\"(max-width: 1024px) 100vw, 1024px\" \/>\t\t\t\t\t\t\t\t\t\t\t\t\t\t\t<\/div>\n\t\t\t\t<\/div>\n\t\t\t\t<div class=\"elementor-element elementor-element-ecc7008 elementor-widget elementor-widget-text-editor\" data-id=\"ecc7008\" data-element_type=\"widget\" data-e-type=\"widget\" data-widget_type=\"text-editor.default\">\n\t\t\t\t<div class=\"elementor-widget-container\">\n\t\t\t\t\t\t\t\t\t<p>Cette pr\u00e9sentation marquera une premi\u00e8re pour Chanel \u00e0 Marseille, qui accueillera pr\u00e8s de 300 invit\u00e9s privil\u00e9gi\u00e9s, n\u00e9cessitant ainsi l&rsquo;organisation de deux pr\u00e9sentations le m\u00eame jour pour permettre \u00e0 tous de d\u00e9couvrir la derni\u00e8re collection de Virginie Viard, la directrice artistique de la marque. Ces deux s\u00e9ances, une matinale \u00e0 11h30 et une autre en fin de journ\u00e9e vers 18h30, seront identiques. En compl\u00e9ment, d&rsquo;autres activit\u00e9s li\u00e9es seront accessibles au public au Mucem et \u00e0 La Cri\u00e9e.<\/p><p>Bien que Chanel n&rsquo;ait jamais organis\u00e9 de d\u00e9fil\u00e9 \u00e0 Marseille auparavant, la maison entretient des liens de longue date avec la ville depuis 1988, notamment gr\u00e2ce \u00e0 Maryline Bellieud-Vigouroux, fondatrice de l&rsquo;Institut de la mode M\u00e9diterran\u00e9e et du mus\u00e9e de la mode, aujourd&rsquo;hui pr\u00e9sidente du fond de dotation Maison Mode M\u00e9diterran\u00e9e. Cet \u00e9v\u00e9nement est per\u00e7u comme une opportunit\u00e9 pour Marseille de rayonner sur la sc\u00e8ne internationale.<\/p>\t\t\t\t\t\t\t\t<\/div>\n\t\t\t\t<\/div>\n\t\t\t\t\t<\/div>\n\t\t<\/div>\n\t\t\t\t\t<\/div>\n\t\t<\/section>\n\t\t\t\t<\/div>","protected":false},"excerpt":{"rendered":"<p>Chanel choisit l&rsquo;h\u00f4tel Le Corbusier pour d\u00e9voiler sa collection La c\u00e9l\u00e8bre marque Chanel a choisi de pr\u00e9senter sa collection croisi\u00e8re pour la saison 2024-2025 dans l&#8217;embl\u00e9matique ville de Marseille, pr\u00e9cis\u00e9ment au MAMO, situ\u00e9 au sommet de l&rsquo;iconique Cit\u00e9 Radieuse con\u00e7ue par Le Corbusier, le 2 mai prochain. Cette pr\u00e9sentation marquera une premi\u00e8re pour Chanel \u00e0 [&hellip;]<\/p>\n","protected":false},"author":1,"featured_media":24213,"comment_status":"closed","ping_status":"closed","sticky":false,"template":"elementor_header_footer","format":"standard","meta":{"site-sidebar-layout":"default","site-content-layout":"default","ast-site-content-layout":"default","site-content-style":"default","site-sidebar-style":"default","ast-global-header-display":"","ast-banner-title-visibility":"","ast-main-header-display":"","ast-hfb-above-header-display":"","ast-hfb-below-header-display":"","ast-hfb-mobile-header-display":"","site-post-title":"","ast-breadcrumbs-content":"","ast-featured-img":"","footer-sml-layout":"","ast-disable-related-posts":"","theme-transparent-header-meta":"default","adv-header-id-meta":"","stick-header-meta":"","header-above-stick-meta":"","header-main-stick-meta":"","header-below-stick-meta":"","astra-migrate-meta-layouts":"set","ast-page-background-enabled":"default","ast-page-background-meta":{"desktop":{"background-color":"","background-image":"","background-repeat":"repeat","background-position":"center center","background-size":"auto","background-attachment":"scroll","background-type":"","background-media":"","overlay-type":"","overlay-color":"","overlay-opacity":"","overlay-gradient":""},"tablet":{"background-color":"","background-image":"","background-repeat":"repeat","background-position":"center center","background-size":"auto","background-attachment":"scroll","background-type":"","background-media":"","overlay-type":"","overlay-color":"","overlay-opacity":"","overlay-gradient":""},"mobile":{"background-color":"","background-image":"","background-repeat":"repeat","background-position":"center center","background-size":"auto","background-attachment":"scroll","background-type":"","background-media":"","overlay-type":"","overlay-color":"","overlay-opacity":"","overlay-gradient":""}},"ast-content-background-meta":{"desktop":{"background-color":"var(--ast-global-color-5)","background-image":"","background-repeat":"repeat","background-position":"center center","background-size":"auto","background-attachment":"scroll","background-type":"","background-media":"","overlay-type":"","overlay-color":"","overlay-opacity":"","overlay-gradient":""},"tablet":{"background-color":"var(--ast-global-color-5)","background-image":"","background-repeat":"repeat","background-position":"center center","background-size":"auto","background-attachment":"scroll","background-type":"","background-media":"","overlay-type":"","overlay-color":"","overlay-opacity":"","overlay-gradient":""},"mobile":{"background-color":"var(--ast-global-color-5)","background-image":"","background-repeat":"repeat","background-position":"center center","background-size":"auto","background-attachment":"scroll","background-type":"","background-media":"","overlay-type":"","overlay-color":"","overlay-opacity":"","overlay-gradient":""}},"footnotes":""},"categories":[1],"tags":[],"class_list":["post-24212","post","type-post","status-publish","format-standard","has-post-thumbnail","hentry","category-uncategorized"],"yoast_head":"<!-- This site is optimized with the Yoast SEO plugin v27.5 - https:\/\/yoast.com\/product\/yoast-seo-wordpress\/ -->\n<title>D\u00e9fil\u00e9 Haute Couture \u00e0 Marseille<\/title>\n<meta name=\"robots\" content=\"noindex, nofollow\" \/>\n<meta name=\"twitter:label1\" content=\"Written by\" \/>\n\t<meta name=\"twitter:data1\" content=\"admin\" \/>\n\t<meta name=\"twitter:label2\" content=\"Est. reading time\" \/>\n\t<meta name=\"twitter:data2\" content=\"2 minutes\" \/>\n<script type=\"application\/ld+json\" class=\"yoast-schema-graph\">{\"@context\":\"https:\\\/\\\/schema.org\",\"@graph\":[{\"@type\":\"Article\",\"@id\":\"https:\\\/\\\/www.hotellecorbusier.com\\\/defile-haute-couture-marseille\\\/#article\",\"isPartOf\":{\"@id\":\"https:\\\/\\\/www.hotellecorbusier.com\\\/defile-haute-couture-marseille\\\/\"},\"author\":{\"name\":\"admin\",\"@id\":\"https:\\\/\\\/www.hotellecorbusier.com\\\/#\\\/schema\\\/person\\\/5078d775362249d1a78b215d7137290f\"},\"headline\":\"D\u00e9fil\u00e9 Haute Couture \u00e0 Marseille\",\"datePublished\":\"2024-04-10T15:25:20+00:00\",\"dateModified\":\"2024-04-17T16:15:17+00:00\",\"mainEntityOfPage\":{\"@id\":\"https:\\\/\\\/www.hotellecorbusier.com\\\/defile-haute-couture-marseille\\\/\"},\"wordCount\":231,\"publisher\":{\"@id\":\"https:\\\/\\\/www.hotellecorbusier.com\\\/#organization\"},\"image\":{\"@id\":\"https:\\\/\\\/www.hotellecorbusier.com\\\/defile-haute-couture-marseille\\\/#primaryimage\"},\"thumbnailUrl\":\"https:\\\/\\\/www.hotellecorbusier.com\\\/wp-content\\\/uploads\\\/2024\\\/04\\\/defile-chanel-a-marseille.jpg\",\"inLanguage\":\"en-US\"},{\"@type\":\"WebPage\",\"@id\":\"https:\\\/\\\/www.hotellecorbusier.com\\\/defile-haute-couture-marseille\\\/\",\"url\":\"https:\\\/\\\/www.hotellecorbusier.com\\\/defile-haute-couture-marseille\\\/\",\"name\":\"D\u00e9fil\u00e9 Haute Couture \u00e0 Marseille\",\"isPartOf\":{\"@id\":\"https:\\\/\\\/www.hotellecorbusier.com\\\/#website\"},\"primaryImageOfPage\":{\"@id\":\"https:\\\/\\\/www.hotellecorbusier.com\\\/defile-haute-couture-marseille\\\/#primaryimage\"},\"image\":{\"@id\":\"https:\\\/\\\/www.hotellecorbusier.com\\\/defile-haute-couture-marseille\\\/#primaryimage\"},\"thumbnailUrl\":\"https:\\\/\\\/www.hotellecorbusier.com\\\/wp-content\\\/uploads\\\/2024\\\/04\\\/defile-chanel-a-marseille.jpg\",\"datePublished\":\"2024-04-10T15:25:20+00:00\",\"dateModified\":\"2024-04-17T16:15:17+00:00\",\"breadcrumb\":{\"@id\":\"https:\\\/\\\/www.hotellecorbusier.com\\\/defile-haute-couture-marseille\\\/#breadcrumb\"},\"inLanguage\":\"en-US\",\"potentialAction\":[{\"@type\":\"ReadAction\",\"target\":[\"https:\\\/\\\/www.hotellecorbusier.com\\\/defile-haute-couture-marseille\\\/\"]}]},{\"@type\":\"ImageObject\",\"inLanguage\":\"en-US\",\"@id\":\"https:\\\/\\\/www.hotellecorbusier.com\\\/defile-haute-couture-marseille\\\/#primaryimage\",\"url\":\"https:\\\/\\\/www.hotellecorbusier.com\\\/wp-content\\\/uploads\\\/2024\\\/04\\\/defile-chanel-a-marseille.jpg\",\"contentUrl\":\"https:\\\/\\\/www.hotellecorbusier.com\\\/wp-content\\\/uploads\\\/2024\\\/04\\\/defile-chanel-a-marseille.jpg\",\"width\":1225,\"height\":700},{\"@type\":\"BreadcrumbList\",\"@id\":\"https:\\\/\\\/www.hotellecorbusier.com\\\/defile-haute-couture-marseille\\\/#breadcrumb\",\"itemListElement\":[{\"@type\":\"ListItem\",\"position\":1,\"name\":\"Accueil\",\"item\":\"https:\\\/\\\/www.hotellecorbusier.com\\\/\"},{\"@type\":\"ListItem\",\"position\":2,\"name\":\"D\u00e9fil\u00e9 Haute Couture \u00e0 Marseille\"}]},{\"@type\":\"WebSite\",\"@id\":\"https:\\\/\\\/www.hotellecorbusier.com\\\/#website\",\"url\":\"https:\\\/\\\/www.hotellecorbusier.com\\\/\",\"name\":\"H\u00f4tel LE CORBUSIER\",\"description\":\"Meilleur prix sur internet garanti TOUJOURS MOINS CHER QUE BOOKING! R\u00e9servez en ligne maintenant sur le SITE OFFICIEL BOOK NOW, ALWAYS CHEAPER THAN BOOKING\",\"publisher\":{\"@id\":\"https:\\\/\\\/www.hotellecorbusier.com\\\/#organization\"},\"potentialAction\":[{\"@type\":\"SearchAction\",\"target\":{\"@type\":\"EntryPoint\",\"urlTemplate\":\"https:\\\/\\\/www.hotellecorbusier.com\\\/?s={search_term_string}\"},\"query-input\":{\"@type\":\"PropertyValueSpecification\",\"valueRequired\":true,\"valueName\":\"search_term_string\"}}],\"inLanguage\":\"en-US\"},{\"@type\":\"Organization\",\"@id\":\"https:\\\/\\\/www.hotellecorbusier.com\\\/#organization\",\"name\":\"H\u00f4tel LE CORBUSIER\",\"url\":\"https:\\\/\\\/www.hotellecorbusier.com\\\/\",\"logo\":{\"@type\":\"ImageObject\",\"inLanguage\":\"en-US\",\"@id\":\"https:\\\/\\\/www.hotellecorbusier.com\\\/#\\\/schema\\\/logo\\\/image\\\/\",\"url\":\"https:\\\/\\\/www.hotellecorbusier.com\\\/wp-content\\\/uploads\\\/2016\\\/08\\\/logo-corbusier_02.png\",\"contentUrl\":\"https:\\\/\\\/www.hotellecorbusier.com\\\/wp-content\\\/uploads\\\/2016\\\/08\\\/logo-corbusier_02.png\",\"width\":396,\"height\":190,\"caption\":\"H\u00f4tel LE CORBUSIER\"},\"image\":{\"@id\":\"https:\\\/\\\/www.hotellecorbusier.com\\\/#\\\/schema\\\/logo\\\/image\\\/\"}},{\"@type\":\"Person\",\"@id\":\"https:\\\/\\\/www.hotellecorbusier.com\\\/#\\\/schema\\\/person\\\/5078d775362249d1a78b215d7137290f\",\"name\":\"admin\",\"image\":{\"@type\":\"ImageObject\",\"inLanguage\":\"en-US\",\"@id\":\"https:\\\/\\\/secure.gravatar.com\\\/avatar\\\/04810f1e05fc840d910e691f95be13e45da3b3a59021fc7118a208daebcf647f?s=96&d=mm&r=g\",\"url\":\"https:\\\/\\\/secure.gravatar.com\\\/avatar\\\/04810f1e05fc840d910e691f95be13e45da3b3a59021fc7118a208daebcf647f?s=96&d=mm&r=g\",\"contentUrl\":\"https:\\\/\\\/secure.gravatar.com\\\/avatar\\\/04810f1e05fc840d910e691f95be13e45da3b3a59021fc7118a208daebcf647f?s=96&d=mm&r=g\",\"caption\":\"admin\"},\"url\":\"https:\\\/\\\/www.hotellecorbusier.com\\\/en\\\/author\\\/admin\\\/\"}]}<\/script>\n<!-- \/ Yoast SEO plugin. -->","yoast_head_json":{"title":"D\u00e9fil\u00e9 Haute Couture \u00e0 Marseille","robots":{"index":"noindex","follow":"nofollow"},"twitter_misc":{"Written by":"admin","Est. reading time":"2 minutes"},"schema":{"@context":"https:\/\/schema.org","@graph":[{"@type":"Article","@id":"https:\/\/www.hotellecorbusier.com\/defile-haute-couture-marseille\/#article","isPartOf":{"@id":"https:\/\/www.hotellecorbusier.com\/defile-haute-couture-marseille\/"},"author":{"name":"admin","@id":"https:\/\/www.hotellecorbusier.com\/#\/schema\/person\/5078d775362249d1a78b215d7137290f"},"headline":"D\u00e9fil\u00e9 Haute Couture \u00e0 Marseille","datePublished":"2024-04-10T15:25:20+00:00","dateModified":"2024-04-17T16:15:17+00:00","mainEntityOfPage":{"@id":"https:\/\/www.hotellecorbusier.com\/defile-haute-couture-marseille\/"},"wordCount":231,"publisher":{"@id":"https:\/\/www.hotellecorbusier.com\/#organization"},"image":{"@id":"https:\/\/www.hotellecorbusier.com\/defile-haute-couture-marseille\/#primaryimage"},"thumbnailUrl":"https:\/\/www.hotellecorbusier.com\/wp-content\/uploads\/2024\/04\/defile-chanel-a-marseille.jpg","inLanguage":"en-US"},{"@type":"WebPage","@id":"https:\/\/www.hotellecorbusier.com\/defile-haute-couture-marseille\/","url":"https:\/\/www.hotellecorbusier.com\/defile-haute-couture-marseille\/","name":"D\u00e9fil\u00e9 Haute Couture \u00e0 Marseille","isPartOf":{"@id":"https:\/\/www.hotellecorbusier.com\/#website"},"primaryImageOfPage":{"@id":"https:\/\/www.hotellecorbusier.com\/defile-haute-couture-marseille\/#primaryimage"},"image":{"@id":"https:\/\/www.hotellecorbusier.com\/defile-haute-couture-marseille\/#primaryimage"},"thumbnailUrl":"https:\/\/www.hotellecorbusier.com\/wp-content\/uploads\/2024\/04\/defile-chanel-a-marseille.jpg","datePublished":"2024-04-10T15:25:20+00:00","dateModified":"2024-04-17T16:15:17+00:00","breadcrumb":{"@id":"https:\/\/www.hotellecorbusier.com\/defile-haute-couture-marseille\/#breadcrumb"},"inLanguage":"en-US","potentialAction":[{"@type":"ReadAction","target":["https:\/\/www.hotellecorbusier.com\/defile-haute-couture-marseille\/"]}]},{"@type":"ImageObject","inLanguage":"en-US","@id":"https:\/\/www.hotellecorbusier.com\/defile-haute-couture-marseille\/#primaryimage","url":"https:\/\/www.hotellecorbusier.com\/wp-content\/uploads\/2024\/04\/defile-chanel-a-marseille.jpg","contentUrl":"https:\/\/www.hotellecorbusier.com\/wp-content\/uploads\/2024\/04\/defile-chanel-a-marseille.jpg","width":1225,"height":700},{"@type":"BreadcrumbList","@id":"https:\/\/www.hotellecorbusier.com\/defile-haute-couture-marseille\/#breadcrumb","itemListElement":[{"@type":"ListItem","position":1,"name":"Accueil","item":"https:\/\/www.hotellecorbusier.com\/"},{"@type":"ListItem","position":2,"name":"D\u00e9fil\u00e9 Haute Couture \u00e0 Marseille"}]},{"@type":"WebSite","@id":"https:\/\/www.hotellecorbusier.com\/#website","url":"https:\/\/www.hotellecorbusier.com\/","name":"Le Corbusier Hotel","description":"Meilleur prix sur internet garanti TOUJOURS MOINS CHER QUE BOOKING! R\u00e9servez en ligne maintenant sur le SITE OFFICIEL BOOK NOW, ALWAYS CHEAPER THAN BOOKING","publisher":{"@id":"https:\/\/www.hotellecorbusier.com\/#organization"},"potentialAction":[{"@type":"SearchAction","target":{"@type":"EntryPoint","urlTemplate":"https:\/\/www.hotellecorbusier.com\/?s={search_term_string}"},"query-input":{"@type":"PropertyValueSpecification","valueRequired":true,"valueName":"search_term_string"}}],"inLanguage":"en-US"},{"@type":"Organization","@id":"https:\/\/www.hotellecorbusier.com\/#organization","name":"Le Corbusier Hotel","url":"https:\/\/www.hotellecorbusier.com\/","logo":{"@type":"ImageObject","inLanguage":"en-US","@id":"https:\/\/www.hotellecorbusier.com\/#\/schema\/logo\/image\/","url":"https:\/\/www.hotellecorbusier.com\/wp-content\/uploads\/2016\/08\/logo-corbusier_02.png","contentUrl":"https:\/\/www.hotellecorbusier.com\/wp-content\/uploads\/2016\/08\/logo-corbusier_02.png","width":396,"height":190,"caption":"H\u00f4tel LE CORBUSIER"},"image":{"@id":"https:\/\/www.hotellecorbusier.com\/#\/schema\/logo\/image\/"}},{"@type":"Person","@id":"https:\/\/www.hotellecorbusier.com\/#\/schema\/person\/5078d775362249d1a78b215d7137290f","name":"admin","image":{"@type":"ImageObject","inLanguage":"en-US","@id":"https:\/\/secure.gravatar.com\/avatar\/04810f1e05fc840d910e691f95be13e45da3b3a59021fc7118a208daebcf647f?s=96&d=mm&r=g","url":"https:\/\/secure.gravatar.com\/avatar\/04810f1e05fc840d910e691f95be13e45da3b3a59021fc7118a208daebcf647f?s=96&d=mm&r=g","contentUrl":"https:\/\/secure.gravatar.com\/avatar\/04810f1e05fc840d910e691f95be13e45da3b3a59021fc7118a208daebcf647f?s=96&d=mm&r=g","caption":"admin"},"url":"https:\/\/www.hotellecorbusier.com\/en\/author\/admin\/"}]}},"_links":{"self":[{"href":"https:\/\/www.hotellecorbusier.com\/en\/wp-json\/wp\/v2\/posts\/24212","targetHints":{"allow":["GET"]}}],"collection":[{"href":"https:\/\/www.hotellecorbusier.com\/en\/wp-json\/wp\/v2\/posts"}],"about":[{"href":"https:\/\/www.hotellecorbusier.com\/en\/wp-json\/wp\/v2\/types\/post"}],"author":[{"embeddable":true,"href":"https:\/\/www.hotellecorbusier.com\/en\/wp-json\/wp\/v2\/users\/1"}],"replies":[{"embeddable":true,"href":"https:\/\/www.hotellecorbusier.com\/en\/wp-json\/wp\/v2\/comments?post=24212"}],"version-history":[{"count":12,"href":"https:\/\/www.hotellecorbusier.com\/en\/wp-json\/wp\/v2\/posts\/24212\/revisions"}],"predecessor-version":[{"id":24227,"href":"https:\/\/www.hotellecorbusier.com\/en\/wp-json\/wp\/v2\/posts\/24212\/revisions\/24227"}],"wp:featuredmedia":[{"embeddable":true,"href":"https:\/\/www.hotellecorbusier.com\/en\/wp-json\/wp\/v2\/media\/24213"}],"wp:attachment":[{"href":"https:\/\/www.hotellecorbusier.com\/en\/wp-json\/wp\/v2\/media?parent=24212"}],"wp:term":[{"taxonomy":"category","embeddable":true,"href":"https:\/\/www.hotellecorbusier.com\/en\/wp-json\/wp\/v2\/categories?post=24212"},{"taxonomy":"post_tag","embeddable":true,"href":"https:\/\/www.hotellecorbusier.com\/en\/wp-json\/wp\/v2\/tags?post=24212"}],"curies":[{"name":"wp","href":"https:\/\/api.w.org\/{rel}","templated":true}]}}